{"id":3671,"date":"2014-10-27T15:31:35","date_gmt":"2014-10-27T14:31:35","guid":{"rendered":"http:\/\/lescolademusicsijpc.wordpress.com\/?p=3671"},"modified":"2018-10-05T16:26:20","modified_gmt":"2018-10-05T14:26:20","slug":"projecte-pere-vila-i-pau-claris","status":"publish","type":"post","link":"https:\/\/agora.xtec.cat\/escolademusicsijpc\/general\/projecte-pere-vila-i-pau-claris\/","title":{"rendered":"Projecte Pere Vila i Pau Claris"},"content":{"rendered":"<p>L\u2019Escola de M\u00fasics i JPC comen\u00e7a enguany un nou i engrescador projecte juntament amb l\u2019escola Pere Vila i l\u2019institut Pau Claris per incorporar la m\u00fasica a les seves aules com a eina pedag\u00f2gica per millorar el rendiment de l\u2019alumnat.<br \/>\n<img loading=\"lazy\" decoding=\"async\" class=\"aligncenter wp-image-3672 size-full\" src=\"http:\/\/agora.xtec.cat\/escolademusicsijpc\/wp-content\/uploads\/usu459\/2014\/10\/perevila.gif\" alt=\"perevila\" width=\"595\" height=\"280\" \/>A l\u2019escola Pere Vila les nostres mestres Yolanda Mallofr\u00e9 i Irene Andreu treballen conjuntament amb els\/les professors\/es aspectes de les lleng\u00fces, les matem\u00e0tiques, el medi natural i altres assignatures a trav\u00e9s del cant coral i dels musicals.<br \/>\nA l\u2019institut Pau Claris el nostre mestre de bateria Javier Crespo comen\u00e7ar\u00e0 un projecte de batucada amb els alumnes d&#8217;ESO i batxillerat, per motivar i crear m\u00e9s cohesi\u00f3 entre l\u2019alumnat i la mestra Cristina Colomer treballa molts aspectes de llengua catalana a trav\u00e9s del cant coral i de la creaci\u00f3 de dos musicals amb els alumnes de 3r i 4t d&#8217;ESO.<br \/>\nAmb aquest projecte es pret\u00e9n crear un m\u00e8tode innovador on la m\u00fasica sigui un dels factors m\u00e9s caracter\u00edstics del projecte escolar.<br \/>\nEl mes de setembre es va fer la presentaci\u00f3 del claustre i aqu\u00ed us deixem el link de l\u2019escola on podreu trobar m\u00e9s informaci\u00f3.<br \/>\n<a href=\"http:\/\/www.iespauclaris.org\/index.php\/19-inauguracio-del-curs-2014-2015\" target=\"_blank\" rel=\"noopener\">http:\/\/www.iespauclaris.org\/index.php\/19-inauguracio-del-curs-2014-2015<\/a><\/p>\n<p>&nbsp;<\/p>\n","protected":false},"excerpt":{"rendered":"<p>L\u2019Escola de M\u00fasics i JPC comen\u00e7a enguany un nou i engrescador projecte juntament amb l\u2019escola Pere Vila i l\u2019institut Pau Claris per incorporar la m\u00fasica a les seves aules com a eina pedag\u00f2gica per millorar el rendiment de l\u2019alumnat.<br \/>\nA l\u2019escola Pere Vila les nostres mestres&hellip;  <a href=\"https:\/\/agora.xtec.cat\/escolademusicsijpc\/general\/projecte-pere-vila-i-pau-claris\/\" title=\"Read Projecte Pere Vila i Pau Claris\">Llegeix m\u00e9s\u00bb<\/a><\/p>\n","protected":false},"author":1,"featured_media":3672,"comment_status":"open","ping_status":"closed","sticky":false,"template":"","format":"standard","meta":{"_bbp_topic_count":0,"_bbp_reply_count":0,"_bbp_total_topic_count":0,"_bbp_total_reply_count":0,"_bbp_voice_count":0,"_bbp_anonymous_reply_count":0,"_bbp_topic_count_hidden":0,"_bbp_reply_count_hidden":0,"_bbp_forum_subforum_count":0,"footnotes":""},"categories":[1],"tags":[],"class_list":["post-3671","post","type-post","status-publish","format-standard","has-post-thumbnail","hentry","category-general"],"post_mailing_queue_ids":[],"_links":{"self":[{"href":"https:\/\/agora.xtec.cat\/escolademusicsijpc\/wp-json\/wp\/v2\/posts\/3671","targetHints":{"allow":["GET"]}}],"collection":[{"href":"https:\/\/agora.xtec.cat\/escolademusicsijpc\/wp-json\/wp\/v2\/posts"}],"about":[{"href":"https:\/\/agora.xtec.cat\/escolademusicsijpc\/wp-json\/wp\/v2\/types\/post"}],"author":[{"embeddable":true,"href":"https:\/\/agora.xtec.cat\/escolademusicsijpc\/wp-json\/wp\/v2\/users\/1"}],"replies":[{"embeddable":true,"href":"https:\/\/agora.xtec.cat\/escolademusicsijpc\/wp-json\/wp\/v2\/comments?post=3671"}],"version-history":[{"count":2,"href":"https:\/\/agora.xtec.cat\/escolademusicsijpc\/wp-json\/wp\/v2\/posts\/3671\/revisions"}],"predecessor-version":[{"id":6966,"href":"https:\/\/agora.xtec.cat\/escolademusicsijpc\/wp-json\/wp\/v2\/posts\/3671\/revisions\/6966"}],"wp:featuredmedia":[{"embeddable":true,"href":"https:\/\/agora.xtec.cat\/escolademusicsijpc\/wp-json\/wp\/v2\/media\/3672"}],"wp:attachment":[{"href":"https:\/\/agora.xtec.cat\/escolademusicsijpc\/wp-json\/wp\/v2\/media?parent=3671"}],"wp:term":[{"taxonomy":"category","embeddable":true,"href":"https:\/\/agora.xtec.cat\/escolademusicsijpc\/wp-json\/wp\/v2\/categories?post=3671"},{"taxonomy":"post_tag","embeddable":true,"href":"https:\/\/agora.xtec.cat\/escolademusicsijpc\/wp-json\/wp\/v2\/tags?post=3671"}],"curies":[{"name":"wp","href":"https:\/\/api.w.org\/{rel}","templated":true}]}}