{"id":364,"date":"2010-01-23T20:58:24","date_gmt":"2010-01-23T19:58:24","guid":{"rendered":"http:\/\/escolademusicsjpc.wordpress.com\/?p=364"},"modified":"2016-02-03T18:34:12","modified_gmt":"2016-02-03T17:34:12","slug":"papaioannou-molinari-con-tal-ben-ari","status":"publish","type":"post","link":"https:\/\/agora.xtec.cat\/escolademusicsijpc\/general\/papaioannou-molinari-con-tal-ben-ari\/","title":{"rendered":"Concert Franc Molinari Dissabte 23 gener"},"content":{"rendered":"<p><img loading=\"lazy\" decoding=\"async\" class=\"alignleft size-full wp-image-411\" title=\"F.Molinari\" src=\"http:\/\/agora.xtec.cat\/escolademusicsijpc\/wp-content\/uploads\/usu459\/2010\/02\/molinari3.gif\" alt=\"\" width=\"112\" height=\"148\" \/>Franc Molinari \u00e9s un m\u00fasic amb una gran experi\u00e8ncia en la m\u00fasica cl\u00e0ssica, el jazz i el flamenc. Col\u00b7labora amb diferents orquestres simf\u00f2niques (Barcelona, Nacional de Catalunya, Vall\u00e9s&#8230;) i tamb\u00e9 est\u00e0 en altres projectes m\u00e9s experimentals (Kaulakau, Nebada, As\u00edkides, El drap mor\u00fano&#8230;) El duo Yannis Papaioannou &#8211; Franc Molinari ha actuat en nombrosos festivals en paisos com Espanya, Fran\u00e7a, El Marroc, Gr\u00e8cia. L&#8217;any 2009 van ser triats per a representar a Gr\u00e8cia en el &#8220;11\u00e8 Festival International du Luth&#8221; a Tetu\u00e1n, El Marroc. En aquest concert els acompanya la cantant israelita Tal Ben Ar\u00ed.<\/p>\n<ul>\n<li>Dissabte 23 de\u00a0gener de 2010, 21h a 23Robadors ( C\/Robadors 23, Raval BCN)<\/li>\n<\/ul>\n","protected":false},"excerpt":{"rendered":"<p>Franc Molinari \u00e9s un m\u00fasic amb una gran experi\u00e8ncia en la m\u00fasica cl\u00e0ssica, el jazz i el flamenc. Col\u00b7labora amb diferents orquestres simf\u00f2niques (Barcelona, Nacional de Catalunya, Vall\u00e9s&#8230;) i tamb\u00e9 est\u00e0 en altres projectes m\u00e9s experimentals (Kaulakau, Nebada, As\u00edkides, El drap mor\u00fano&#8230;) El duo Yannis&hellip;  <a href=\"https:\/\/agora.xtec.cat\/escolademusicsijpc\/general\/papaioannou-molinari-con-tal-ben-ari\/\" title=\"Read Concert Franc Molinari Dissabte 23 gener\">Llegeix m\u00e9s\u00bb<\/a><\/p>\n","protected":false},"author":1,"featured_media":409,"comment_status":"open","ping_status":"closed","sticky":false,"template":"","format":"standard","meta":{"_bbp_topic_count":0,"_bbp_reply_count":0,"_bbp_total_topic_count":0,"_bbp_total_reply_count":0,"_bbp_voice_count":0,"_bbp_anonymous_reply_count":0,"_bbp_topic_count_hidden":0,"_bbp_reply_count_hidden":0,"_bbp_forum_subforum_count":0,"footnotes":""},"categories":[1],"tags":[81],"class_list":["post-364","post","type-post","status-publish","format-standard","has-post-thumbnail","hentry","category-general","tag-concert"],"post_mailing_queue_ids":[],"_links":{"self":[{"href":"https:\/\/agora.xtec.cat\/escolademusicsijpc\/wp-json\/wp\/v2\/posts\/364","targetHints":{"allow":["GET"]}}],"collection":[{"href":"https:\/\/agora.xtec.cat\/escolademusicsijpc\/wp-json\/wp\/v2\/posts"}],"about":[{"href":"https:\/\/agora.xtec.cat\/escolademusicsijpc\/wp-json\/wp\/v2\/types\/post"}],"author":[{"embeddable":true,"href":"https:\/\/agora.xtec.cat\/escolademusicsijpc\/wp-json\/wp\/v2\/users\/1"}],"replies":[{"embeddable":true,"href":"https:\/\/agora.xtec.cat\/escolademusicsijpc\/wp-json\/wp\/v2\/comments?post=364"}],"version-history":[{"count":2,"href":"https:\/\/agora.xtec.cat\/escolademusicsijpc\/wp-json\/wp\/v2\/posts\/364\/revisions"}],"predecessor-version":[{"id":5122,"href":"https:\/\/agora.xtec.cat\/escolademusicsijpc\/wp-json\/wp\/v2\/posts\/364\/revisions\/5122"}],"wp:featuredmedia":[{"embeddable":true,"href":"https:\/\/agora.xtec.cat\/escolademusicsijpc\/wp-json\/wp\/v2\/media\/409"}],"wp:attachment":[{"href":"https:\/\/agora.xtec.cat\/escolademusicsijpc\/wp-json\/wp\/v2\/media?parent=364"}],"wp:term":[{"taxonomy":"category","embeddable":true,"href":"https:\/\/agora.xtec.cat\/escolademusicsijpc\/wp-json\/wp\/v2\/categories?post=364"},{"taxonomy":"post_tag","embeddable":true,"href":"https:\/\/agora.xtec.cat\/escolademusicsijpc\/wp-json\/wp\/v2\/tags?post=364"}],"curies":[{"name":"wp","href":"https:\/\/api.w.org\/{rel}","templated":true}]}}