{"id":3608,"date":"2014-09-16T19:04:36","date_gmt":"2014-09-16T18:04:36","guid":{"rendered":"http:\/\/lescolademusicsijpc.wordpress.com\/?p=3608"},"modified":"2016-01-29T18:08:16","modified_gmt":"2016-01-29T17:08:16","slug":"classics-a-la-torrassa","status":"publish","type":"post","link":"https:\/\/agora.xtec.cat\/escolademusicsijpc\/general\/classics-a-la-torrassa\/","title":{"rendered":"Cl\u00e0ssics a la Torrassa"},"content":{"rendered":"<p align=\"LEFT\"><img loading=\"lazy\" decoding=\"async\" class=\"alignright size-thumbnail wp-image-3610\" src=\"http:\/\/agora.xtec.cat\/escolademusicsijpc\/wp-content\/uploads\/usu459\/2014\/09\/1197-cicle-classis-a-la-torrassa-1.gif?w=98\" alt=\"1197-cicle-classis-a-la-Torrassa-1\" width=\"98\" height=\"150\" \/>Amb aquest cicle, el Centre Cultural Collblanc-la Torrassa, juntament amb la Comissi\u00f3 d&#8217;actes culturals de la Parr\u00f2quia Mare de D\u00e9u dels Desemparats, volem oferir al barri una programaci\u00f3 musical de qualitat, de petit format, per tal de popularitzar i difondre aquesta m\u00fasica amb poca pres\u00e8ncia a les programacions de casa nostra. Els concerts d&#8217;aquest cicle tenen un mercat car\u00e0cter i contingut popular i es faran a l&#8217;Auditori de la Torrassa.<\/p>\n<p align=\"LEFT\"><img loading=\"lazy\" decoding=\"async\" class=\"alignleft wp-image-3612 size-thumbnail\" src=\"http:\/\/agora.xtec.cat\/escolademusicsijpc\/wp-content\/uploads\/usu459\/2014\/09\/damia.gif?w=72\" alt=\"damia\" width=\"72\" height=\"150\" \/>Divendres, 26 de setembre, a les 20 h<\/p>\n<p>Pau Dami\u00e0 Riera, piano i Llu\u00eds Sintes, bar\u00edton<\/p>\n<p align=\"LEFT\">Va n\u00e9ixer a Eivissa, on va comen\u00e7ar els estudis com a pianista i violoncel\u00b7lista. Viu a Barcelona, on va fer els estudis superiors amb el pianista Ramon Coll, al Conservatori Municipal de M\u00fasica de Barcelona. Posteriorment va completar la seva formaci\u00f3 a l\u2019Escola Superior de M\u00fasica de Catalunya (ESMUC), amb els professors Vladimir Bronevetzky, Charles Tunell i Francisco Poyato. Actualment, combina l\u2019activitat docent i concert\u00edstica amb la de pianista acompanyant. Ha estat col\u00b7laborador puntual de Calixto Bieito i de Marc Rosic en diferents muntatges teatrals, i ha col\u00b7laborat amb Albert Guinovart en l\u2019estrena de la seva obra, Alba Eterna. Paral\u00b7lelament tamb\u00e9 desenvolupat la seva faceta de compositor, dirigida cap al treball amb mitjans audiovisuals, sense oblidar, per\u00f2, la m\u00fasica de concert.<\/p>\n<p align=\"LEFT\"><img loading=\"lazy\" decoding=\"async\" class=\"alignleft wp-image-3613 size-thumbnail\" src=\"http:\/\/agora.xtec.cat\/escolademusicsijpc\/wp-content\/uploads\/usu459\/2014\/09\/duo.gif?w=150\" alt=\"duo\" width=\"150\" height=\"80\" \/>Divendres, 24 d\u2019octubre, a les 20 h<\/p>\n<p align=\"LEFT\">DUO CAPRICCIO<\/p>\n<p align=\"LEFT\">Irene Andreu, violoncel i Cristina Colomer, piano<\/p>\n<p align=\"LEFT\">Dues veus diferents, dos colors contrastats, dos llenguatges que es complementen, dues harmonies que s\u2019uneixen i esdevenen una de sola. Dos instruments que expliquen una mateixa hist\u00f2ria i que canten la mateixa m\u00fasica. Cristina Colomer (piano) i Irene Andreu (violoncel) formen el Duo Capriccio, amb la voluntat de fer arribar al p\u00fablic la millor m\u00fasica per a violoncel i piano, interpretada amb sensibilitat, amb obres de Brahms, Rachmaninov, Faur\u00e9, Piazzolla i d\u2019altres. Seieu, obriu tots els sentits i prepareu-vos per gaudir-ne.<\/p>\n<p align=\"LEFT\"><img loading=\"lazy\" decoding=\"async\" class=\"alignleft wp-image-3614 size-thumbnail\" src=\"http:\/\/agora.xtec.cat\/escolademusicsijpc\/wp-content\/uploads\/usu459\/2014\/09\/soprano.gif?w=83\" alt=\"soprano\" width=\"83\" height=\"150\" \/>Divendres, 21 de novembre, a les 20 h<\/p>\n<p align=\"LEFT\">\u00d2pera &#8211; Sarsuela<\/p>\n<p align=\"LEFT\">CONCERT L\u00cdRIC<\/p>\n<ul>\n<li>Anna Puche, soprano<\/li>\n<li>Llu\u00eds Sintes, bar\u00edton<\/li>\n<li>Pau Dami\u00e0 Riera, piano<\/li>\n<\/ul>\n<p align=\"LEFT\">Un recull dels millors moments de la l\u00edrica nacional i internacional.<\/p>\n<ul>\n<li>Auditori la Torrassa Carrer de Santiago Ap\u00f2stol, 40 08904 L\u2019Hospitalet. Concerts gratu\u00efts. http:\/\/www.ccct.cat<\/li>\n<\/ul>\n<p align=\"LEFT\">\n","protected":false},"excerpt":{"rendered":"<p>Amb aquest cicle, el Centre Cultural Collblanc-la Torrassa, juntament amb la Comissi\u00f3 d&#8217;actes culturals de la Parr\u00f2quia Mare de D\u00e9u dels Desemparats, volem oferir al barri una programaci\u00f3 musical de qualitat, de petit format, per tal de popularitzar i difondre aquesta m\u00fasica amb poca pres\u00e8ncia&hellip;  <a href=\"https:\/\/agora.xtec.cat\/escolademusicsijpc\/general\/classics-a-la-torrassa\/\" title=\"Read Cl\u00e0ssics a la Torrassa\">Llegeix m\u00e9s\u00bb<\/a><\/p>\n","protected":false},"author":1,"featured_media":3610,"comment_status":"open","ping_status":"open","sticky":false,"template":"","format":"standard","meta":{"_bbp_topic_count":0,"_bbp_reply_count":0,"_bbp_total_topic_count":0,"_bbp_total_reply_count":0,"_bbp_voice_count":0,"_bbp_anonymous_reply_count":0,"_bbp_topic_count_hidden":0,"_bbp_reply_count_hidden":0,"_bbp_forum_subforum_count":0,"footnotes":""},"categories":[1],"tags":[],"class_list":["post-3608","post","type-post","status-publish","format-standard","has-post-thumbnail","hentry","category-general"],"post_mailing_queue_ids":[],"_links":{"self":[{"href":"https:\/\/agora.xtec.cat\/escolademusicsijpc\/wp-json\/wp\/v2\/posts\/3608","targetHints":{"allow":["GET"]}}],"collection":[{"href":"https:\/\/agora.xtec.cat\/escolademusicsijpc\/wp-json\/wp\/v2\/posts"}],"about":[{"href":"https:\/\/agora.xtec.cat\/escolademusicsijpc\/wp-json\/wp\/v2\/types\/post"}],"author":[{"embeddable":true,"href":"https:\/\/agora.xtec.cat\/escolademusicsijpc\/wp-json\/wp\/v2\/users\/1"}],"replies":[{"embeddable":true,"href":"https:\/\/agora.xtec.cat\/escolademusicsijpc\/wp-json\/wp\/v2\/comments?post=3608"}],"version-history":[{"count":2,"href":"https:\/\/agora.xtec.cat\/escolademusicsijpc\/wp-json\/wp\/v2\/posts\/3608\/revisions"}],"predecessor-version":[{"id":4904,"href":"https:\/\/agora.xtec.cat\/escolademusicsijpc\/wp-json\/wp\/v2\/posts\/3608\/revisions\/4904"}],"wp:featuredmedia":[{"embeddable":true,"href":"https:\/\/agora.xtec.cat\/escolademusicsijpc\/wp-json\/wp\/v2\/media\/3610"}],"wp:attachment":[{"href":"https:\/\/agora.xtec.cat\/escolademusicsijpc\/wp-json\/wp\/v2\/media?parent=3608"}],"wp:term":[{"taxonomy":"category","embeddable":true,"href":"https:\/\/agora.xtec.cat\/escolademusicsijpc\/wp-json\/wp\/v2\/categories?post=3608"},{"taxonomy":"post_tag","embeddable":true,"href":"https:\/\/agora.xtec.cat\/escolademusicsijpc\/wp-json\/wp\/v2\/tags?post=3608"}],"curies":[{"name":"wp","href":"https:\/\/api.w.org\/{rel}","templated":true}]}}