{"id":3560,"date":"2014-09-02T19:01:42","date_gmt":"2014-09-02T18:01:42","guid":{"rendered":"http:\/\/lescolademusicsijpc.wordpress.com\/?p=3560"},"modified":"2014-09-02T19:01:42","modified_gmt":"2014-09-02T18:01:42","slug":"dilluns-8-de-setembre-comenca-el-curs","status":"publish","type":"post","link":"https:\/\/agora.xtec.cat\/escolademusicsijpc\/general\/dilluns-8-de-setembre-comenca-el-curs\/","title":{"rendered":"Dimarts 30 de juny \u00faltim dia de classe."},"content":{"rendered":"<p>Benvolguts pares, mares i alumnes de l&#8217;Escola de M\u00fasics i Escola de M\u00fasica <span class=\"hiddenSpellError\">JPC<\/span>.<\/p>\n<p>L&#8217;escola informa que comen\u00e7arem el curs el dilluns 8 de setembre.<\/p>\n<p>Seguidament teniu el calendari escolar amb les dates de les audicions, col\u00f2nies musicals pas de nivell i festes escolars.<\/p>\n<p><img loading=\"lazy\" decoding=\"async\" class=\"aligncenter wp-image-3566 size-full\" src=\"https:\/\/lescolademusicsijpc.files.wordpress.com\/2014\/09\/calendari2014_15.gif\" alt=\"\" width=\"451\" height=\"525\" \/><\/p>\n<p style=\"text-align:left;\"><img loading=\"lazy\" decoding=\"async\" class=\"alignleft size-full wp-image-217\" src=\"http:\/\/agora.xtec.cat\/escolademusicsijpc\/wp-content\/uploads\/usu459\/2009\/11\/cuadraclar.gif\" alt=\"cuadraclar\" width=\"13\" height=\"12\" \/>\u00a018 al 23 de desembre: Audicions de Nadal<\/p>\n<p><img loading=\"lazy\" decoding=\"async\" class=\"alignleft size-full wp-image-216\" src=\"http:\/\/agora.xtec.cat\/escolademusicsijpc\/wp-content\/uploads\/usu459\/2009\/11\/cuadratfocs.gif\" alt=\"cuadratfocs\" width=\"13\" height=\"12\" \/>\u00a024 de desembre al\u00a07 de gener: Vacances de Nadal<\/p>\n<p><img loading=\"lazy\" decoding=\"async\" class=\"alignleft size-full wp-image-217\" src=\"http:\/\/agora.xtec.cat\/escolademusicsijpc\/wp-content\/uploads\/usu459\/2009\/11\/cuadraclar.gif\" alt=\"cuadraclar\" width=\"13\" height=\"12\" \/>\u00a024 a\u00a028 de mar\u00e7: Audicions de Setmana Santa<\/p>\n<p><img loading=\"lazy\" decoding=\"async\" class=\"alignleft size-full wp-image-216\" src=\"http:\/\/agora.xtec.cat\/escolademusicsijpc\/wp-content\/uploads\/usu459\/2009\/11\/cuadratfocs.gif\" alt=\"cuadratfocs\" width=\"13\" height=\"12\" \/>\u00a029\u00a0de mar\u00e7 al 6 d&#8217;abril: Setmana Santa<\/p>\n<p><img loading=\"lazy\" decoding=\"async\" class=\"alignleft size-full wp-image-217\" src=\"http:\/\/agora.xtec.cat\/escolademusicsijpc\/wp-content\/uploads\/usu459\/2009\/11\/cuadraclar.gif\" alt=\"cuadraclar\" width=\"13\" height=\"12\" \/>\u00a025 a 30\u00a0de juny: Audicions de fi de curs<\/p>\n<p><img loading=\"lazy\" decoding=\"async\" class=\"alignleft size-full wp-image-231\" src=\"http:\/\/agora.xtec.cat\/escolademusicsijpc\/wp-content\/uploads\/usu459\/2009\/11\/cuadratblau.gif\" alt=\"cuadratblau\" width=\"13\" height=\"12\" \/>\u00a0Pas de Nivell 20 de desembre,\u00a028 de mar\u00e7\u00a0i 27 de juny<\/p>\n","protected":false},"excerpt":{"rendered":"<p>Benvolguts pares, mares i alumnes de l&#8217;Escola de M\u00fasics i Escola de M\u00fasica JPC.<br \/>\nL&#8217;escola informa que comen\u00e7arem el curs el dilluns 8 de setembre.<br \/>\nSeguidament teniu el calendari escolar amb les dates de les audicions, col\u00f2nies musicals pas de nivell i festes escolars.<\/p>\n<p>\u00a018 al 23 de&hellip;  <a href=\"https:\/\/agora.xtec.cat\/escolademusicsijpc\/general\/dilluns-8-de-setembre-comenca-el-curs\/\" title=\"Read Dimarts 30 de juny \u00faltim dia de classe.\">Llegeix m\u00e9s\u00bb<\/a><\/p>\n","protected":false},"author":1,"featured_media":0,"comment_status":"open","ping_status":"open","sticky":false,"template":"","format":"standard","meta":{"_bbp_topic_count":0,"_bbp_reply_count":0,"_bbp_total_topic_count":0,"_bbp_total_reply_count":0,"_bbp_voice_count":0,"_bbp_anonymous_reply_count":0,"_bbp_topic_count_hidden":0,"_bbp_reply_count_hidden":0,"_bbp_forum_subforum_count":0,"footnotes":""},"categories":[1],"tags":[],"class_list":["post-3560","post","type-post","status-publish","format-standard","hentry","category-general"],"post_mailing_queue_ids":[],"_links":{"self":[{"href":"https:\/\/agora.xtec.cat\/escolademusicsijpc\/wp-json\/wp\/v2\/posts\/3560","targetHints":{"allow":["GET"]}}],"collection":[{"href":"https:\/\/agora.xtec.cat\/escolademusicsijpc\/wp-json\/wp\/v2\/posts"}],"about":[{"href":"https:\/\/agora.xtec.cat\/escolademusicsijpc\/wp-json\/wp\/v2\/types\/post"}],"author":[{"embeddable":true,"href":"https:\/\/agora.xtec.cat\/escolademusicsijpc\/wp-json\/wp\/v2\/users\/1"}],"replies":[{"embeddable":true,"href":"https:\/\/agora.xtec.cat\/escolademusicsijpc\/wp-json\/wp\/v2\/comments?post=3560"}],"version-history":[{"count":1,"href":"https:\/\/agora.xtec.cat\/escolademusicsijpc\/wp-json\/wp\/v2\/posts\/3560\/revisions"}],"predecessor-version":[{"id":5462,"href":"https:\/\/agora.xtec.cat\/escolademusicsijpc\/wp-json\/wp\/v2\/posts\/3560\/revisions\/5462"}],"wp:attachment":[{"href":"https:\/\/agora.xtec.cat\/escolademusicsijpc\/wp-json\/wp\/v2\/media?parent=3560"}],"wp:term":[{"taxonomy":"category","embeddable":true,"href":"https:\/\/agora.xtec.cat\/escolademusicsijpc\/wp-json\/wp\/v2\/categories?post=3560"},{"taxonomy":"post_tag","embeddable":true,"href":"https:\/\/agora.xtec.cat\/escolademusicsijpc\/wp-json\/wp\/v2\/tags?post=3560"}],"curies":[{"name":"wp","href":"https:\/\/api.w.org\/{rel}","templated":true}]}}