{"id":3556,"date":"2014-06-27T16:34:33","date_gmt":"2014-06-27T15:34:33","guid":{"rendered":"http:\/\/lescolademusicsijpc.wordpress.com\/?p=3556"},"modified":"2018-10-05T16:27:02","modified_gmt":"2018-10-05T14:27:02","slug":"musicoterapia-nenses-i-adults","status":"publish","type":"post","link":"https:\/\/agora.xtec.cat\/escolademusicsijpc\/general\/musicoterapia-nenses-i-adults\/","title":{"rendered":"Musicoter\u00e0pia nens\/es i adults"},"content":{"rendered":"<figure class=\"figure wp-caption alignright\"><a href=\"http:\/\/agora.xtec.cat\/escolademusicsijpc\/wp-content\/uploads\/usu459\/2014\/06\/musicoterc3a0pia-nens.pdf\"><img loading=\"lazy\" decoding=\"async\" class=\"http:\/\/agora.xtec.cat\/escolademusicsijpc\/wp-content\/uploads\/usu459\/2014\/06\/musicoterc3a0pia-nens.pdf wp-image-3550 size-thumbnail\" src=\"http:\/\/agora.xtec.cat\/escolademusicsijpc\/wp-content\/uploads\/usu459\/2014\/06\/musicoterc3a0pianen1.gif?w=150\" alt=\"Musicoter\u00e0pianen\" width=\"150\" height=\"93\" \/><\/a><figcaption class=\"wp-caption-text\">Musicoter\u00e0pia nen\/es<\/figcaption><\/figure>\n<figure class=\"figure wp-caption alignright\"><a href=\"http:\/\/agora.xtec.cat\/escolademusicsijpc\/wp-content\/uploads\/usu459\/2014\/06\/musicoterapia-adults.pdf\"><img loading=\"lazy\" decoding=\"async\" class=\"wp-image-3551 size-thumbnail\" src=\"http:\/\/agora.xtec.cat\/escolademusicsijpc\/wp-content\/uploads\/usu459\/2014\/06\/musicoterapiaadults.gif?w=150\" alt=\"Musicoterapiaadults\" width=\"150\" height=\"92\" \/><\/a><figcaption class=\"wp-caption-text\">Musicoter\u00e0pia adults<\/figcaption><\/figure>\n<p><em> La musicoter\u00e0pia \u00e9s l\u2019\u00fas professional de la m\u00fasica i els seus elements en el context m\u00e8dic, educatiu i quotidi\u00e0 amb individus, grups, fam\u00edlies o comunitats, amb la finalitat d\u2019optimitzar la seva qualitat de vida i millorar la seva salut f\u00edsica, social, comunicativa, emocional i intel\u00b7lectual i el seu benestar.[&#8230;] <\/em><\/p>\n<p>Definici\u00f3 de la Federaci\u00f3 Mundial de Musicoter\u00e0pia.<\/p>\n<p>Les sessions de musicoter\u00e0pia estan condu\u00efdes per Rochsane Taghikhani, musicoterapeuta formada en la Universitat de Barcelona i amb estudis en ter\u00e0pia Gestalt amb diversos anys d\u2019experi\u00e8ncia amb nens i adults<strong>.<\/strong><\/p>\n<p>Els <strong>objectius <\/strong>de la musicoter\u00e0pia s\u00f3n:<\/p>\n<ul>\n<li><strong>Protegir, acollir<\/strong>: Crear un espai \u201csegur\u201d on la persona no se senti pressionada i exigida i pugui desenvolupar una comunicaci\u00f3 sense paraules.<\/li>\n<li><strong>Integrar:<\/strong> L\u2019\u00fas de can\u00e7ons descriptives serveix per portar a la consci\u00e8ncia del nen el que fa en aquest moment.<\/li>\n<li><strong>Catalitzar:<\/strong> Regular els afectes, expressant emocions a trav\u00e9s de la m\u00fasica de manera que el nen pugui aix\u00ed experimentar la seva for\u00e7a i reduir tensions internes.<\/li>\n<\/ul>\n<p><strong>La musicoter\u00e0pia contribueix a:<\/strong><br \/>\n\u266a Fomentar la percepci\u00f3 sensorial i corporal i les capacitats cognitives.<br \/>\n\u266a Estimular i motivar.<br \/>\n\u266a Fomentar el desenvolupament social i emocional.<br \/>\n\u266a Potenciar les compet\u00e8ncies interpersonals.<br \/>\n\u266a Afavorir l\u2019expressivitat emocional.<br \/>\n\u266a Potenciar l\u2019autoestima i el sentit del jo.<br \/>\n\u266a Millorar l\u2019atenci\u00f3.<br \/>\n\u266a Oferir un canal de comunicaci\u00f3 alternatiu al llenguatge oral.<\/p>\n","protected":false},"excerpt":{"rendered":"<p><a href=\"http:\/\/agora.xtec.cat\/escolademusicsijpc\/wp-content\/uploads\/usu459\/2014\/06\/musicoterc3a0pia-nens.pdf\"><\/a>Musicoter\u00e0pia nen\/es<br \/>\n<a href=\"http:\/\/agora.xtec.cat\/escolademusicsijpc\/wp-content\/uploads\/usu459\/2014\/06\/musicoterapia-adults.pdf\"><\/a>Musicoter\u00e0pia adults<br \/>\n La musicoter\u00e0pia \u00e9s l\u2019\u00fas professional de la m\u00fasica i els seus elements en el context m\u00e8dic, educatiu i quotidi\u00e0 amb individus, grups, fam\u00edlies o comunitats, amb la finalitat d\u2019optimitzar la seva qualitat de vida i millorar la seva salut f\u00edsica,&hellip;  <a href=\"https:\/\/agora.xtec.cat\/escolademusicsijpc\/general\/musicoterapia-nenses-i-adults\/\" title=\"Read Musicoter\u00e0pia nens\/es i adults\">Llegeix m\u00e9s\u00bb<\/a><\/p>\n","protected":false},"author":1,"featured_media":3551,"comment_status":"open","ping_status":"closed","sticky":false,"template":"","format":"standard","meta":{"_bbp_topic_count":0,"_bbp_reply_count":0,"_bbp_total_topic_count":0,"_bbp_total_reply_count":0,"_bbp_voice_count":0,"_bbp_anonymous_reply_count":0,"_bbp_topic_count_hidden":0,"_bbp_reply_count_hidden":0,"_bbp_forum_subforum_count":0,"footnotes":""},"categories":[1],"tags":[],"class_list":["post-3556","post","type-post","status-publish","format-standard","has-post-thumbnail","hentry","category-general"],"post_mailing_queue_ids":[],"_links":{"self":[{"href":"https:\/\/agora.xtec.cat\/escolademusicsijpc\/wp-json\/wp\/v2\/posts\/3556","targetHints":{"allow":["GET"]}}],"collection":[{"href":"https:\/\/agora.xtec.cat\/escolademusicsijpc\/wp-json\/wp\/v2\/posts"}],"about":[{"href":"https:\/\/agora.xtec.cat\/escolademusicsijpc\/wp-json\/wp\/v2\/types\/post"}],"author":[{"embeddable":true,"href":"https:\/\/agora.xtec.cat\/escolademusicsijpc\/wp-json\/wp\/v2\/users\/1"}],"replies":[{"embeddable":true,"href":"https:\/\/agora.xtec.cat\/escolademusicsijpc\/wp-json\/wp\/v2\/comments?post=3556"}],"version-history":[{"count":1,"href":"https:\/\/agora.xtec.cat\/escolademusicsijpc\/wp-json\/wp\/v2\/posts\/3556\/revisions"}],"predecessor-version":[{"id":5377,"href":"https:\/\/agora.xtec.cat\/escolademusicsijpc\/wp-json\/wp\/v2\/posts\/3556\/revisions\/5377"}],"wp:featuredmedia":[{"embeddable":true,"href":"https:\/\/agora.xtec.cat\/escolademusicsijpc\/wp-json\/wp\/v2\/media\/3551"}],"wp:attachment":[{"href":"https:\/\/agora.xtec.cat\/escolademusicsijpc\/wp-json\/wp\/v2\/media?parent=3556"}],"wp:term":[{"taxonomy":"category","embeddable":true,"href":"https:\/\/agora.xtec.cat\/escolademusicsijpc\/wp-json\/wp\/v2\/categories?post=3556"},{"taxonomy":"post_tag","embeddable":true,"href":"https:\/\/agora.xtec.cat\/escolademusicsijpc\/wp-json\/wp\/v2\/tags?post=3556"}],"curies":[{"name":"wp","href":"https:\/\/api.w.org\/{rel}","templated":true}]}}