{"id":351,"date":"2010-01-17T20:09:16","date_gmt":"2010-01-17T19:09:16","guid":{"rendered":"http:\/\/escolademusicsjpc.wordpress.com\/?p=351"},"modified":"2016-02-29T20:27:39","modified_gmt":"2016-02-29T19:27:39","slug":"festa-major-sant-antoni","status":"publish","type":"post","link":"https:\/\/agora.xtec.cat\/escolademusicsijpc\/grups\/raval-simfonic\/festa-major-sant-antoni\/","title":{"rendered":"Festa Major Sant Antoni"},"content":{"rendered":"<p><img loading=\"lazy\" decoding=\"async\" class=\"size-full wp-image-355 alignright\" title=\"Cartell-Sant-Antoni2\" src=\"http:\/\/agora.xtec.cat\/escolademusicsijpc\/wp-content\/uploads\/usu459\/2010\/01\/cartell-sant-antoni2.gif\" alt=\"\" width=\"114\" height=\"160\" \/>Concert i ball amb l\u2019Orquestra Simf\u00f2nica del Raval i la <a href=\"http:\/\/www.youtube.com\/watch?v=-vlqlLIxeYk\" target=\"_blank\">Raval\u2019s Band<\/a>. Homenatge al Sal\u00f3n de Baile Amaya. Convidem a tothom a venir a l\u2019Envelat i recordar el Sal\u00f3n de Baile Amaya, el predilecte de la joventut als anys 40. Posteriorment aquest espai (Paral\u00b7lel\/Campo Sagrado) es va convertit en els estudis de cinema Iquino. Amb l\u2019Orquestra Simf\u00f2nica del Raval i la Raval\u2019s Band viatjarem en el temps i sentirem famoses bandes sonores de pel\u00b7l\u00edcules i despr\u00e9s hi haur\u00e0 temps per a ballar a ritme de jazz i de mambo i fins i tot de pasodobles. Totes les parelles de ball de sal\u00f3 esteu convidades a venir i els no aparellats tamb\u00e9.<\/p>\n<ul>\n<li>Diumenge 17 de gener a les 11:30h a la Carpa Avinguda Mistral<\/li>\n<\/ul>\n","protected":false},"excerpt":{"rendered":"<p>Concert i ball amb l\u2019Orquestra Simf\u00f2nica del Raval i la <a href=\"http:\/\/www.youtube.com\/watch?v=-vlqlLIxeYk\" target=\"_blank\">Raval\u2019s Band<\/a>. Homenatge al Sal\u00f3n de Baile Amaya. Convidem a tothom a venir a l\u2019Envelat i recordar el Sal\u00f3n de Baile Amaya, el predilecte de la joventut als anys 40. Posteriorment aquest espai&hellip;  <a href=\"https:\/\/agora.xtec.cat\/escolademusicsijpc\/grups\/raval-simfonic\/festa-major-sant-antoni\/\" title=\"Read Festa Major Sant Antoni\">Llegeix m\u00e9s\u00bb<\/a><\/p>\n","protected":false},"author":1,"featured_media":355,"comment_status":"open","ping_status":"closed","sticky":false,"template":"","format":"standard","meta":{"_bbp_topic_count":0,"_bbp_reply_count":0,"_bbp_total_topic_count":0,"_bbp_total_reply_count":0,"_bbp_voice_count":0,"_bbp_anonymous_reply_count":0,"_bbp_topic_count_hidden":0,"_bbp_reply_count_hidden":0,"_bbp_forum_subforum_count":0,"footnotes":""},"categories":[74,75,104],"tags":[81],"class_list":["post-351","post","type-post","status-publish","format-standard","has-post-thumbnail","hentry","category-raval-simfonic","category-ravals-band","category-uncategorized","tag-concert"],"post_mailing_queue_ids":[],"_links":{"self":[{"href":"https:\/\/agora.xtec.cat\/escolademusicsijpc\/wp-json\/wp\/v2\/posts\/351","targetHints":{"allow":["GET"]}}],"collection":[{"href":"https:\/\/agora.xtec.cat\/escolademusicsijpc\/wp-json\/wp\/v2\/posts"}],"about":[{"href":"https:\/\/agora.xtec.cat\/escolademusicsijpc\/wp-json\/wp\/v2\/types\/post"}],"author":[{"embeddable":true,"href":"https:\/\/agora.xtec.cat\/escolademusicsijpc\/wp-json\/wp\/v2\/users\/1"}],"replies":[{"embeddable":true,"href":"https:\/\/agora.xtec.cat\/escolademusicsijpc\/wp-json\/wp\/v2\/comments?post=351"}],"version-history":[{"count":2,"href":"https:\/\/agora.xtec.cat\/escolademusicsijpc\/wp-json\/wp\/v2\/posts\/351\/revisions"}],"predecessor-version":[{"id":5480,"href":"https:\/\/agora.xtec.cat\/escolademusicsijpc\/wp-json\/wp\/v2\/posts\/351\/revisions\/5480"}],"wp:featuredmedia":[{"embeddable":true,"href":"https:\/\/agora.xtec.cat\/escolademusicsijpc\/wp-json\/wp\/v2\/media\/355"}],"wp:attachment":[{"href":"https:\/\/agora.xtec.cat\/escolademusicsijpc\/wp-json\/wp\/v2\/media?parent=351"}],"wp:term":[{"taxonomy":"category","embeddable":true,"href":"https:\/\/agora.xtec.cat\/escolademusicsijpc\/wp-json\/wp\/v2\/categories?post=351"},{"taxonomy":"post_tag","embeddable":true,"href":"https:\/\/agora.xtec.cat\/escolademusicsijpc\/wp-json\/wp\/v2\/tags?post=351"}],"curies":[{"name":"wp","href":"https:\/\/api.w.org\/{rel}","templated":true}]}}