{"id":3443,"date":"2014-05-20T17:33:58","date_gmt":"2014-05-20T16:33:58","guid":{"rendered":"http:\/\/lescolademusicsijpc.wordpress.com\/?p=3443"},"modified":"2016-02-09T18:19:39","modified_gmt":"2016-02-09T17:19:39","slug":"coral-de-lescola-de-musics-i-jpc","status":"publish","type":"post","link":"https:\/\/agora.xtec.cat\/escolademusicsijpc\/corals\/coral-de-lescola-de-musics-i-jpc\/","title":{"rendered":"Coral de l\u2019Escola de M\u00fasics i JPC"},"content":{"rendered":"<p><img loading=\"lazy\" decoding=\"async\" class=\"alignright size-full wp-image-3448\" src=\"http:\/\/agora.xtec.cat\/escolademusicsijpc\/wp-content\/uploads\/usu459\/2014\/05\/corallescolademusics1.gif\" alt=\"corallescolademusics\" width=\"141\" height=\"200\" \/>Concert de la\u00a0Coral de l\u2019Escola de M\u00fasics i JPC.\u00a0Direcci\u00f3 Pablo Acosta.<br \/>\nI la Coral Labour\u00e9 i Centre de Normalitzaci\u00f3 Ling\u00fc\u00edstica. Direcci\u00f3\u00a0Cristina Colomer i\u00a0al piano Merichel\u00a0 Sembrano.<\/p>\n<ul>\n<li>Centre Sant Pere Ap\u00f2stol<\/li>\n<li>Sant Pere m\u00e9s Alt 25 \u00b7 Barcelona<\/li>\n<li>Dilluns 26 de maig de 2014 a les vuit del vespre<\/li>\n<li>Entrada Lliure<\/li>\n<\/ul>\n","protected":false},"excerpt":{"rendered":"<p>Concert de la\u00a0Coral de l\u2019Escola de M\u00fasics i JPC.\u00a0Direcci\u00f3 Pablo Acosta.<br \/>\nI la Coral Labour\u00e9 i Centre de Normalitzaci\u00f3 Ling\u00fc\u00edstica. Direcci\u00f3\u00a0Cristina Colomer i\u00a0al piano Merichel\u00a0 Sembrano.<\/p>\n<ul>\n<li>Centre Sant Pere Ap\u00f2stol<\/li>\n<li>Sant Pere m\u00e9s Alt 25 \u00b7 Barcelona<\/li>\n<li>Dilluns 26 de maig de 2014 a les vuit del vespre<\/li>\n<li>Entrada Lliure<\/li>\n<\/ul>\n","protected":false},"author":1,"featured_media":3448,"comment_status":"open","ping_status":"open","sticky":false,"template":"","format":"standard","meta":{"_bbp_topic_count":0,"_bbp_reply_count":0,"_bbp_total_topic_count":0,"_bbp_total_reply_count":0,"_bbp_voice_count":0,"_bbp_anonymous_reply_count":0,"_bbp_topic_count_hidden":0,"_bbp_reply_count_hidden":0,"_bbp_forum_subforum_count":0,"footnotes":""},"categories":[66],"tags":[],"class_list":["post-3443","post","type-post","status-publish","format-standard","has-post-thumbnail","hentry","category-corals"],"post_mailing_queue_ids":[],"_links":{"self":[{"href":"https:\/\/agora.xtec.cat\/escolademusicsijpc\/wp-json\/wp\/v2\/posts\/3443","targetHints":{"allow":["GET"]}}],"collection":[{"href":"https:\/\/agora.xtec.cat\/escolademusicsijpc\/wp-json\/wp\/v2\/posts"}],"about":[{"href":"https:\/\/agora.xtec.cat\/escolademusicsijpc\/wp-json\/wp\/v2\/types\/post"}],"author":[{"embeddable":true,"href":"https:\/\/agora.xtec.cat\/escolademusicsijpc\/wp-json\/wp\/v2\/users\/1"}],"replies":[{"embeddable":true,"href":"https:\/\/agora.xtec.cat\/escolademusicsijpc\/wp-json\/wp\/v2\/comments?post=3443"}],"version-history":[{"count":2,"href":"https:\/\/agora.xtec.cat\/escolademusicsijpc\/wp-json\/wp\/v2\/posts\/3443\/revisions"}],"predecessor-version":[{"id":5294,"href":"https:\/\/agora.xtec.cat\/escolademusicsijpc\/wp-json\/wp\/v2\/posts\/3443\/revisions\/5294"}],"wp:featuredmedia":[{"embeddable":true,"href":"https:\/\/agora.xtec.cat\/escolademusicsijpc\/wp-json\/wp\/v2\/media\/3448"}],"wp:attachment":[{"href":"https:\/\/agora.xtec.cat\/escolademusicsijpc\/wp-json\/wp\/v2\/media?parent=3443"}],"wp:term":[{"taxonomy":"category","embeddable":true,"href":"https:\/\/agora.xtec.cat\/escolademusicsijpc\/wp-json\/wp\/v2\/categories?post=3443"},{"taxonomy":"post_tag","embeddable":true,"href":"https:\/\/agora.xtec.cat\/escolademusicsijpc\/wp-json\/wp\/v2\/tags?post=3443"}],"curies":[{"name":"wp","href":"https:\/\/api.w.org\/{rel}","templated":true}]}}