{"id":3408,"date":"2014-05-14T12:26:14","date_gmt":"2014-05-14T11:26:14","guid":{"rendered":"http:\/\/lescolademusicsijpc.wordpress.com\/?p=3408"},"modified":"2016-01-28T20:53:43","modified_gmt":"2016-01-28T19:53:43","slug":"isaac-reguera-concert-de-piano","status":"publish","type":"post","link":"https:\/\/agora.xtec.cat\/escolademusicsijpc\/concerts\/isaac-reguera-concert-de-piano\/","title":{"rendered":"Natsuki Nishimoto, concert de piano."},"content":{"rendered":"<p><img loading=\"lazy\" decoding=\"async\" class=\"alignright size-full wp-image-3419\" src=\"http:\/\/agora.xtec.cat\/escolademusicsijpc\/wp-content\/uploads\/usu459\/2014\/05\/natsukiweb.gif\" alt=\"natsukiweb\" width=\"200\" height=\"88\" \/>Dins de la programaci\u00f3 de les Rutes Musicals del Centre C\u00edvic Cotxeres Borrell, podreu presenciar el concert de la Natsuki Nishimoto.<\/p>\n<ul>\n<li>Us convidem a gaudir d\u2019un passeig musical de la m\u00e0 d\u2019una jove pianista japonesa, que va estudiar a la universitat de les arts de T\u00f2quio i va venir a Espanya per estudiar amb Pierre Assoleix, Leonel Morales i amb Josep Maria Colom.<br \/>\nHa guanyat nombrosos concursos de piano, ha actuat dins Espanya, It\u00e0lia, Fran\u00e7a, Gr\u00e8cia, Noruega, Canad\u00e0, Brasil, Turquia i Jap\u00f3, i ha tocat com a solista amb moltes orquestres com Orquestra Internacional Virtuosos de Madrid, Mediterr\u00e1neo Orquestra Simf\u00f2nica, Madrid Orquestra de Cambra i \u00c7ukurova Orquestra Sinf\u00f3nica Estatal, etc.<\/li>\n<li>Dijous 15 de maig a les 8 del vespre interpretar\u00e0 un repertori que compr\u00e8n des del classicisme, passant per l\u2019impressionisme i arribant al nacionalisme Espanyol que de ben segur us far\u00e0 gaudir d\u2019aquest concert.<\/li>\n<li>Centre C\u00edvic Cotxeres Borrell, Viladomat 2-8 \u2013 08015 Barcelona Telf: 933 24 83 50<\/li>\n<li>Concert gratu\u00eft.<\/li>\n<li>Cal recollir entrada. Aforament limitat.<\/li>\n<li>http:\/\/www.cotxeresborrell.net\/programacio_cultural\/rutes-musicals\/#<\/li>\n<\/ul>\n<p>&nbsp;<\/p>\n","protected":false},"excerpt":{"rendered":"<p>Dins de la programaci\u00f3 de les Rutes Musicals del Centre C\u00edvic Cotxeres Borrell, podreu presenciar el concert de la Natsuki Nishimoto.<\/p>\n<ul>\n<li>Us convidem a gaudir d\u2019un passeig musical de la m\u00e0 d\u2019una jove pianista japonesa, que va estudiar a la universitat de les arts de T\u00f2quio&hellip;  <a href=\"https:\/\/agora.xtec.cat\/escolademusicsijpc\/concerts\/isaac-reguera-concert-de-piano\/\" title=\"Read Natsuki Nishimoto, concert de piano.\">Llegeix m\u00e9s\u00bb<\/a><br \/>\n","protected":false},"author":1,"featured_media":3419,"comment_status":"open","ping_status":"open","sticky":false,"template":"","format":"standard","meta":{"_bbp_topic_count":0,"_bbp_reply_count":0,"_bbp_total_topic_count":0,"_bbp_total_reply_count":0,"_bbp_voice_count":0,"_bbp_anonymous_reply_count":0,"_bbp_topic_count_hidden":0,"_bbp_reply_count_hidden":0,"_bbp_forum_subforum_count":0,"footnotes":""},"categories":[63],"tags":[],"class_list":["post-3408","post","type-post","status-publish","format-standard","has-post-thumbnail","hentry","category-concerts"],"post_mailing_queue_ids":[],"_links":{"self":[{"href":"https:\/\/agora.xtec.cat\/escolademusicsijpc\/wp-json\/wp\/v2\/posts\/3408","targetHints":{"allow":["GET"]}}],"collection":[{"href":"https:\/\/agora.xtec.cat\/escolademusicsijpc\/wp-json\/wp\/v2\/posts"}],"about":[{"href":"https:\/\/agora.xtec.cat\/escolademusicsijpc\/wp-json\/wp\/v2\/types\/post"}],"author":[{"embeddable":true,"href":"https:\/\/agora.xtec.cat\/escolademusicsijpc\/wp-json\/wp\/v2\/users\/1"}],"replies":[{"embeddable":true,"href":"https:\/\/agora.xtec.cat\/escolademusicsijpc\/wp-json\/wp\/v2\/comments?post=3408"}],"version-history":[{"count":2,"href":"https:\/\/agora.xtec.cat\/escolademusicsijpc\/wp-json\/wp\/v2\/posts\/3408\/revisions"}],"predecessor-version":[{"id":4863,"href":"https:\/\/agora.xtec.cat\/escolademusicsijpc\/wp-json\/wp\/v2\/posts\/3408\/revisions\/4863"}],"wp:featuredmedia":[{"embeddable":true,"href":"https:\/\/agora.xtec.cat\/escolademusicsijpc\/wp-json\/wp\/v2\/media\/3419"}],"wp:attachment":[{"href":"https:\/\/agora.xtec.cat\/escolademusicsijpc\/wp-json\/wp\/v2\/media?parent=3408"}],"wp:term":[{"taxonomy":"category","embeddable":true,"href":"https:\/\/agora.xtec.cat\/escolademusicsijpc\/wp-json\/wp\/v2\/categories?post=3408"},{"taxonomy":"post_tag","embeddable":true,"href":"https:\/\/agora.xtec.cat\/escolademusicsijpc\/wp-json\/wp\/v2\/tags?post=3408"}],"curies":[{"name":"wp","href":"https:\/\/api.w.org\/{rel}","templated":true}]}}