{"id":3390,"date":"2014-05-07T16:09:42","date_gmt":"2014-05-07T15:09:42","guid":{"rendered":"http:\/\/lescolademusicsijpc.wordpress.com\/?p=3390"},"modified":"2016-01-28T21:00:31","modified_gmt":"2016-01-28T20:00:31","slug":"concert-al-centre-sant-pere-apostol","status":"publish","type":"post","link":"https:\/\/agora.xtec.cat\/escolademusicsijpc\/concerts\/concert-al-centre-sant-pere-apostol\/","title":{"rendered":"Concert al Centre Sant Pere Ap\u00f2stol."},"content":{"rendered":"<p>L&#8217;Associaci\u00f3 de Mestres Directors organitza un nou concert de la m\u00e0 de l&#8217;Escola de M\u00fasics JPC el proper dilluns 12 de maig a les 8 del vespre.<\/p>\n<p>El violoncel: la veu humana.<\/p>\n<p>Sextet MiSisCello format per les violoncel\u00b7listes que tocaran peces de les obres de H\u00e4ndel, Pachelbel i Vivaldi:<\/p>\n<ul>\n<li>Maria Berruezo<\/li>\n<li>Anna Blasco<\/li>\n<li>Sara Blasco<\/li>\n<li>Maria Ciutad<\/li>\n<li>Laura Farr\u00e9<\/li>\n<li>Maria Palomino<\/li>\n<\/ul>\n<p><img loading=\"lazy\" decoding=\"async\" class=\"alignright size-full wp-image-3406\" src=\"http:\/\/agora.xtec.cat\/escolademusicsijpc\/wp-content\/uploads\/usu459\/2014\/05\/image.gif\" alt=\"image\" width=\"133\" height=\"200\" \/>Duo Capriccio, Irenen Andreu (violoncel) i Cristina Colomer (piano), mestres de l&#8217;Escola de M\u00fasics i JPC, tocaran obres de Faur\u00e9, Saint Sa\u00ebns, Rachmaninov i Piazzolla.<\/p>\n<p>Al Centre Sant Pere Ap\u00f2stol al c\/Sant Pere m\u00e9s Alt 25 Barcelona.<\/p>\n<p>Entrada lliure.<\/p>\n<p><a href=\"http:\/\/www.centresantpere.org\/2014\/05\/12\/concert-de-l-escola-de-m%C3%BAsics-jpc\/\">Enlla\u00e7 a la web del Centre Sant Pere Ap\u00f2stol.<\/a><\/p>\n","protected":false},"excerpt":{"rendered":"<p>L&#8217;Associaci\u00f3 de Mestres Directors organitza un nou concert de la m\u00e0 de l&#8217;Escola de M\u00fasics JPC el proper dilluns 12 de maig a les 8 del vespre.<br \/>\nEl violoncel: la veu humana.<br \/>\nSextet MiSisCello format per les violoncel\u00b7listes que tocaran peces de les obres de H\u00e4ndel, Pachelbel&hellip;  <a href=\"https:\/\/agora.xtec.cat\/escolademusicsijpc\/concerts\/concert-al-centre-sant-pere-apostol\/\" title=\"Read Concert al Centre Sant Pere Ap\u00f2stol.\">Llegeix m\u00e9s\u00bb<\/a><\/p>\n","protected":false},"author":1,"featured_media":3406,"comment_status":"open","ping_status":"open","sticky":false,"template":"","format":"standard","meta":{"_bbp_topic_count":0,"_bbp_reply_count":0,"_bbp_total_topic_count":0,"_bbp_total_reply_count":0,"_bbp_voice_count":0,"_bbp_anonymous_reply_count":0,"_bbp_topic_count_hidden":0,"_bbp_reply_count_hidden":0,"_bbp_forum_subforum_count":0,"footnotes":""},"categories":[63],"tags":[],"class_list":["post-3390","post","type-post","status-publish","format-standard","has-post-thumbnail","hentry","category-concerts"],"post_mailing_queue_ids":[],"_links":{"self":[{"href":"https:\/\/agora.xtec.cat\/escolademusicsijpc\/wp-json\/wp\/v2\/posts\/3390","targetHints":{"allow":["GET"]}}],"collection":[{"href":"https:\/\/agora.xtec.cat\/escolademusicsijpc\/wp-json\/wp\/v2\/posts"}],"about":[{"href":"https:\/\/agora.xtec.cat\/escolademusicsijpc\/wp-json\/wp\/v2\/types\/post"}],"author":[{"embeddable":true,"href":"https:\/\/agora.xtec.cat\/escolademusicsijpc\/wp-json\/wp\/v2\/users\/1"}],"replies":[{"embeddable":true,"href":"https:\/\/agora.xtec.cat\/escolademusicsijpc\/wp-json\/wp\/v2\/comments?post=3390"}],"version-history":[{"count":2,"href":"https:\/\/agora.xtec.cat\/escolademusicsijpc\/wp-json\/wp\/v2\/posts\/3390\/revisions"}],"predecessor-version":[{"id":4865,"href":"https:\/\/agora.xtec.cat\/escolademusicsijpc\/wp-json\/wp\/v2\/posts\/3390\/revisions\/4865"}],"wp:featuredmedia":[{"embeddable":true,"href":"https:\/\/agora.xtec.cat\/escolademusicsijpc\/wp-json\/wp\/v2\/media\/3406"}],"wp:attachment":[{"href":"https:\/\/agora.xtec.cat\/escolademusicsijpc\/wp-json\/wp\/v2\/media?parent=3390"}],"wp:term":[{"taxonomy":"category","embeddable":true,"href":"https:\/\/agora.xtec.cat\/escolademusicsijpc\/wp-json\/wp\/v2\/categories?post=3390"},{"taxonomy":"post_tag","embeddable":true,"href":"https:\/\/agora.xtec.cat\/escolademusicsijpc\/wp-json\/wp\/v2\/tags?post=3390"}],"curies":[{"name":"wp","href":"https:\/\/api.w.org\/{rel}","templated":true}]}}