{"id":3346,"date":"2014-04-24T15:58:01","date_gmt":"2014-04-24T14:58:01","guid":{"rendered":"http:\/\/lescolademusicsijpc.wordpress.com\/?p=3346"},"modified":"2016-01-28T18:00:45","modified_gmt":"2016-01-28T17:00:45","slug":"concerts-de-sant-jordi","status":"publish","type":"post","link":"https:\/\/agora.xtec.cat\/escolademusicsijpc\/grups\/combos\/concerts-de-sant-jordi\/","title":{"rendered":"Concerts de Sant Jordi"},"content":{"rendered":"<p>La Coral de l\u2019Escola <span class=\"hiddenSpellError\">Labour\u00e9<\/span>\u00a0 i la coral del <a href=\"http:\/\/blocs.cpnl.cat\/ciutatvella\/tag\/coral-ciutat-vella-mencanta\/\" target=\"_blank\">Centre de Normalitzaci\u00f3 Ling\u00fc\u00edstica<\/a>, corals dirigides per la mestra de l\u2019Escola de M\u00fasics Cristina Colomer i acompanyades per la pianista\u00a0 <span class=\"hiddenSpellError\">Merichel <\/span><span class=\"hiddenSpellError\">Sembrano, <\/span>van actuar a la Biblioteca Nacional de Catalunya, amb motiu de la diada de Sant Jordi. La coral del Casal de Gent Gran Trueta i Tarradellas del Barri del Raval dirigit per Francesca Salcedo i acompanyat per Dami\u00e0 Riera professor de l&#8217;Escola de M\u00fasics i JPC. I per acabar el concert a\u00a0la Biblioteca,\u00a0<a href=\"https:\/\/www.flickr.com\/photos\/biblioteca_catalunya\/14004184451\/in\/photostream\/lightbox\/\">el duo <span class=\"hiddenSpellError\">Capriccio<\/span>,\u00a0Irene Andreu i Cristina Colomer<\/a>\u00a0han tocatobres de <span class=\"hiddenSpellError\">Faur\u00e9<\/span> i <span class=\"hiddenSpellError\">Piazzolla<\/span>.<\/p>\n<p><img loading=\"lazy\" decoding=\"async\" class=\"alignnone size-full wp-image-3352\" src=\"http:\/\/agora.xtec.cat\/escolademusicsijpc\/wp-content\/uploads\/usu459\/2014\/04\/foto-23.gif\" alt=\"foto-2\" width=\"200\" height=\"149\" \/> <img loading=\"lazy\" decoding=\"async\" class=\"alignnone size-full wp-image-3351\" src=\"http:\/\/agora.xtec.cat\/escolademusicsijpc\/wp-content\/uploads\/usu459\/2014\/04\/foto-13.gif\" alt=\"foto-1\" width=\"200\" height=\"149\" \/> <img loading=\"lazy\" decoding=\"async\" class=\"alignnone size-full wp-image-3350\" src=\"http:\/\/agora.xtec.cat\/escolademusicsijpc\/wp-content\/uploads\/usu459\/2014\/04\/foto4.gif\" alt=\"foto4\" width=\"200\" height=\"150\" \/><\/p>\n<p>I a la IES Pau Claris han actuat el combo de l&#8217;Escola de M\u00fasics i JPC dirigit per Cesc Pascual, Juliana (veu), Marta (piano), Jaume (Baix) i Albar (bateria)<\/p>\n<p><a href=\"http:\/\/agora.xtec.cat\/escolademusicsijpc\/wp-content\/uploads\/usu459\/2014\/04\/foto-13.gif\"><img loading=\"lazy\" decoding=\"async\" class=\"alignnone size-full wp-image-3353\" src=\"http:\/\/agora.xtec.cat\/escolademusicsijpc\/wp-content\/uploads\/usu459\/2014\/04\/foto-33.gif\" alt=\"foto-3\" width=\"200\" height=\"149\" \/><\/a><\/p>\n<p>&nbsp;<\/p>\n","protected":false},"excerpt":{"rendered":"<p>La Coral de l\u2019Escola Labour\u00e9\u00a0 i la coral del <a href=\"http:\/\/blocs.cpnl.cat\/ciutatvella\/tag\/coral-ciutat-vella-mencanta\/\" target=\"_blank\">Centre de Normalitzaci\u00f3 Ling\u00fc\u00edstica<\/a>, corals dirigides per la mestra de l\u2019Escola de M\u00fasics Cristina Colomer i acompanyades per la pianista\u00a0 Merichel Sembrano, van actuar a la Biblioteca Nacional de Catalunya, amb motiu de la&hellip;  <a href=\"https:\/\/agora.xtec.cat\/escolademusicsijpc\/grups\/combos\/concerts-de-sant-jordi\/\" title=\"Read Concerts de Sant Jordi\">Llegeix m\u00e9s\u00bb<\/a><\/p>\n","protected":false},"author":1,"featured_media":3351,"comment_status":"open","ping_status":"open","sticky":false,"template":"","format":"standard","meta":{"_bbp_topic_count":0,"_bbp_reply_count":0,"_bbp_total_topic_count":0,"_bbp_total_reply_count":0,"_bbp_voice_count":0,"_bbp_anonymous_reply_count":0,"_bbp_topic_count_hidden":0,"_bbp_reply_count_hidden":0,"_bbp_forum_subforum_count":0,"footnotes":""},"categories":[62,66],"tags":[],"class_list":["post-3346","post","type-post","status-publish","format-standard","has-post-thumbnail","hentry","category-combos","category-corals"],"post_mailing_queue_ids":[],"_links":{"self":[{"href":"https:\/\/agora.xtec.cat\/escolademusicsijpc\/wp-json\/wp\/v2\/posts\/3346","targetHints":{"allow":["GET"]}}],"collection":[{"href":"https:\/\/agora.xtec.cat\/escolademusicsijpc\/wp-json\/wp\/v2\/posts"}],"about":[{"href":"https:\/\/agora.xtec.cat\/escolademusicsijpc\/wp-json\/wp\/v2\/types\/post"}],"author":[{"embeddable":true,"href":"https:\/\/agora.xtec.cat\/escolademusicsijpc\/wp-json\/wp\/v2\/users\/1"}],"replies":[{"embeddable":true,"href":"https:\/\/agora.xtec.cat\/escolademusicsijpc\/wp-json\/wp\/v2\/comments?post=3346"}],"version-history":[{"count":2,"href":"https:\/\/agora.xtec.cat\/escolademusicsijpc\/wp-json\/wp\/v2\/posts\/3346\/revisions"}],"predecessor-version":[{"id":4815,"href":"https:\/\/agora.xtec.cat\/escolademusicsijpc\/wp-json\/wp\/v2\/posts\/3346\/revisions\/4815"}],"wp:featuredmedia":[{"embeddable":true,"href":"https:\/\/agora.xtec.cat\/escolademusicsijpc\/wp-json\/wp\/v2\/media\/3351"}],"wp:attachment":[{"href":"https:\/\/agora.xtec.cat\/escolademusicsijpc\/wp-json\/wp\/v2\/media?parent=3346"}],"wp:term":[{"taxonomy":"category","embeddable":true,"href":"https:\/\/agora.xtec.cat\/escolademusicsijpc\/wp-json\/wp\/v2\/categories?post=3346"},{"taxonomy":"post_tag","embeddable":true,"href":"https:\/\/agora.xtec.cat\/escolademusicsijpc\/wp-json\/wp\/v2\/tags?post=3346"}],"curies":[{"name":"wp","href":"https:\/\/api.w.org\/{rel}","templated":true}]}}