{"id":3342,"date":"2014-04-23T11:24:35","date_gmt":"2014-04-23T10:24:35","guid":{"rendered":"http:\/\/lescolademusicsijpc.wordpress.com\/?p=3342"},"modified":"2016-01-28T16:58:16","modified_gmt":"2016-01-28T15:58:16","slug":"la-batucada-de-lescola-laboure","status":"publish","type":"post","link":"https:\/\/agora.xtec.cat\/escolademusicsijpc\/grups\/batucada\/la-batucada-de-lescola-laboure\/","title":{"rendered":"La Batucada de l&#8217;Escola Labour\u00e9"},"content":{"rendered":"<p><img loading=\"lazy\" decoding=\"async\" class=\"aligncenter size-medium wp-image-3344\" src=\"http:\/\/agora.xtec.cat\/escolademusicsijpc\/wp-content\/uploads\/usu459\/2014\/04\/foto.jpg?w=300\" alt=\"foto\" width=\"300\" height=\"224\" srcset=\"https:\/\/agora.xtec.cat\/escolademusicsijpc\/wp-content\/uploads\/usu459\/2014\/04\/foto.jpg 2056w, https:\/\/agora.xtec.cat\/escolademusicsijpc\/wp-content\/uploads\/usu459\/2014\/04\/foto-300x224.jpg 300w, https:\/\/agora.xtec.cat\/escolademusicsijpc\/wp-content\/uploads\/usu459\/2014\/04\/foto-1024x765.jpg 1024w, https:\/\/agora.xtec.cat\/escolademusicsijpc\/wp-content\/uploads\/usu459\/2014\/04\/foto-200x150.jpg 200w\" sizes=\"auto, (max-width: 300px) 100vw, 300px\" \/>Actuaci\u00f3 de la Batucada de l&#8217;Escola Labour\u00e9 sota la direcci\u00f3 del professor de percussi\u00f3 Javier Crespo a la Rambla del Raval amb motiu de la celebraci\u00f3\u00a0de la diada\u00a0de Sant Jordi.<\/p>\n","protected":false},"excerpt":{"rendered":"<p>Actuaci\u00f3 de la Batucada de l&#8217;Escola Labour\u00e9 sota la direcci\u00f3 del professor de percussi\u00f3 Javier Crespo a la Rambla del Raval amb motiu de la celebraci\u00f3\u00a0de la diada\u00a0de Sant Jordi.<\/p>\n","protected":false},"author":1,"featured_media":3344,"comment_status":"open","ping_status":"open","sticky":false,"template":"","format":"standard","meta":{"_bbp_topic_count":0,"_bbp_reply_count":0,"_bbp_total_topic_count":0,"_bbp_total_reply_count":0,"_bbp_voice_count":0,"_bbp_anonymous_reply_count":0,"_bbp_topic_count_hidden":0,"_bbp_reply_count_hidden":0,"_bbp_forum_subforum_count":0,"footnotes":""},"categories":[60],"tags":[],"class_list":["post-3342","post","type-post","status-publish","format-standard","has-post-thumbnail","hentry","category-batucada"],"post_mailing_queue_ids":[],"_links":{"self":[{"href":"https:\/\/agora.xtec.cat\/escolademusicsijpc\/wp-json\/wp\/v2\/posts\/3342","targetHints":{"allow":["GET"]}}],"collection":[{"href":"https:\/\/agora.xtec.cat\/escolademusicsijpc\/wp-json\/wp\/v2\/posts"}],"about":[{"href":"https:\/\/agora.xtec.cat\/escolademusicsijpc\/wp-json\/wp\/v2\/types\/post"}],"author":[{"embeddable":true,"href":"https:\/\/agora.xtec.cat\/escolademusicsijpc\/wp-json\/wp\/v2\/users\/1"}],"replies":[{"embeddable":true,"href":"https:\/\/agora.xtec.cat\/escolademusicsijpc\/wp-json\/wp\/v2\/comments?post=3342"}],"version-history":[{"count":2,"href":"https:\/\/agora.xtec.cat\/escolademusicsijpc\/wp-json\/wp\/v2\/posts\/3342\/revisions"}],"predecessor-version":[{"id":4773,"href":"https:\/\/agora.xtec.cat\/escolademusicsijpc\/wp-json\/wp\/v2\/posts\/3342\/revisions\/4773"}],"wp:featuredmedia":[{"embeddable":true,"href":"https:\/\/agora.xtec.cat\/escolademusicsijpc\/wp-json\/wp\/v2\/media\/3344"}],"wp:attachment":[{"href":"https:\/\/agora.xtec.cat\/escolademusicsijpc\/wp-json\/wp\/v2\/media?parent=3342"}],"wp:term":[{"taxonomy":"category","embeddable":true,"href":"https:\/\/agora.xtec.cat\/escolademusicsijpc\/wp-json\/wp\/v2\/categories?post=3342"},{"taxonomy":"post_tag","embeddable":true,"href":"https:\/\/agora.xtec.cat\/escolademusicsijpc\/wp-json\/wp\/v2\/tags?post=3342"}],"curies":[{"name":"wp","href":"https:\/\/api.w.org\/{rel}","templated":true}]}}