{"id":3331,"date":"2014-04-22T18:28:47","date_gmt":"2014-04-22T17:28:47","guid":{"rendered":"http:\/\/lescolademusicsijpc.wordpress.com\/?p=3331"},"modified":"2016-01-28T21:03:54","modified_gmt":"2016-01-28T20:03:54","slug":"concerts-a-la-biblioteca-de-catalunya","status":"publish","type":"post","link":"https:\/\/agora.xtec.cat\/escolademusicsijpc\/concerts\/concerts-a-la-biblioteca-de-catalunya\/","title":{"rendered":"Concerts a la Biblioteca de Catalunya"},"content":{"rendered":"<p><img loading=\"lazy\" decoding=\"async\" class=\"alignright wp-image-3332 size-full\" src=\"http:\/\/agora.xtec.cat\/escolademusicsijpc\/wp-content\/uploads\/usu459\/2014\/04\/activitats-de-la-biblioteca-de-catalunya-el-dia-de-sant-jordi-jornada-de-portes-obertes_large.gif\" alt=\"Activitats-de-la-Biblioteca-de-Catalunya-el-dia-de-Sant-Jordi-jornada-de-portes-obertes_large\" width=\"200\" height=\"200\" \/>Dem\u00e0 23 d&#8217;Abril l&#8217;Escola de M\u00fasics t\u00e9 el privilegi de poder fer una s\u00e8rie de concerts a la Biblioteca de Catalunya. Un espai que s&#8217;obre per primera vegada al p\u00fablic per fer una activitat com aquesta.<br \/>\nAl mat\u00ed de 10 a 11a actuar\u00e0 la Coral de l&#8217;Escola <span class=\"hiddenSpellError\">Labour\u00e9<\/span>, coral dirigida per la mestra de l&#8217;Escola de M\u00fasics Cristina Colomer dins el projecte dels Cors de Ciutat Vella. Despr\u00e9s d&#8217;11 a 12a actuar\u00e0 la coral del Centre de Normalitzaci\u00f3 Ling\u00fc\u00edstica, tamb\u00e9 sota la direcci\u00f3 de Cristina Colomer. Les dues corals seran acompanyades per la pianista <span class=\"hiddenSpellError\">Merichel <\/span><span class=\"hiddenSpellError\">Sembrano<\/span>.<br \/>\nDe 12 a 13a faran diverses passes el duo <span class=\"hiddenSpellError\">Capriccio<\/span>, Irene Andreu i Cristina Colomer tocaran obres de <span class=\"hiddenSpellError\">Faur\u00e9<\/span> i <span class=\"hiddenSpellError\">Piazzolla<\/span>.<\/p>\n<p>Alguns alumnes de l&#8217;escola tamb\u00e9 delectaran amb les seves interpretacions al mat\u00ed a les 12a i a la tarda de 17 a 19.<\/p>\n<p>Esperem passar un dia de Sant Jordi entre molts llibres i molta m\u00fasica.<\/p>\n<p><a href=\"http:\/\/www.bnc.cat\/Visita-ns\/Activitats\/Activitats-de-la-Biblioteca-de-Catalunya-el-dia-de-Sant-Jordi-jornada-de-portes-obertes\">http:\/\/www.bnc.cat\/Visita-ns\/Activitats\/Activitats-de-la-Biblioteca-de-Catalunya-el-dia-de-Sant-Jordi-jornada-de-portes-obertes<\/a><\/p>\n","protected":false},"excerpt":{"rendered":"<p>Dem\u00e0 23 d&#8217;Abril l&#8217;Escola de M\u00fasics t\u00e9 el privilegi de poder fer una s\u00e8rie de concerts a la Biblioteca de Catalunya. Un espai que s&#8217;obre per primera vegada al p\u00fablic per fer una activitat com aquesta.<br \/>\nAl mat\u00ed de 10 a 11a actuar\u00e0 la Coral de&hellip;  <a href=\"https:\/\/agora.xtec.cat\/escolademusicsijpc\/concerts\/concerts-a-la-biblioteca-de-catalunya\/\" title=\"Read Concerts a la Biblioteca de Catalunya\">Llegeix m\u00e9s\u00bb<\/a><\/p>\n","protected":false},"author":1,"featured_media":3332,"comment_status":"open","ping_status":"open","sticky":false,"template":"","format":"standard","meta":{"_bbp_topic_count":0,"_bbp_reply_count":0,"_bbp_total_topic_count":0,"_bbp_total_reply_count":0,"_bbp_voice_count":0,"_bbp_anonymous_reply_count":0,"_bbp_topic_count_hidden":0,"_bbp_reply_count_hidden":0,"_bbp_forum_subforum_count":0,"footnotes":""},"categories":[63],"tags":[],"class_list":["post-3331","post","type-post","status-publish","format-standard","has-post-thumbnail","hentry","category-concerts"],"post_mailing_queue_ids":[],"_links":{"self":[{"href":"https:\/\/agora.xtec.cat\/escolademusicsijpc\/wp-json\/wp\/v2\/posts\/3331","targetHints":{"allow":["GET"]}}],"collection":[{"href":"https:\/\/agora.xtec.cat\/escolademusicsijpc\/wp-json\/wp\/v2\/posts"}],"about":[{"href":"https:\/\/agora.xtec.cat\/escolademusicsijpc\/wp-json\/wp\/v2\/types\/post"}],"author":[{"embeddable":true,"href":"https:\/\/agora.xtec.cat\/escolademusicsijpc\/wp-json\/wp\/v2\/users\/1"}],"replies":[{"embeddable":true,"href":"https:\/\/agora.xtec.cat\/escolademusicsijpc\/wp-json\/wp\/v2\/comments?post=3331"}],"version-history":[{"count":2,"href":"https:\/\/agora.xtec.cat\/escolademusicsijpc\/wp-json\/wp\/v2\/posts\/3331\/revisions"}],"predecessor-version":[{"id":4869,"href":"https:\/\/agora.xtec.cat\/escolademusicsijpc\/wp-json\/wp\/v2\/posts\/3331\/revisions\/4869"}],"wp:featuredmedia":[{"embeddable":true,"href":"https:\/\/agora.xtec.cat\/escolademusicsijpc\/wp-json\/wp\/v2\/media\/3332"}],"wp:attachment":[{"href":"https:\/\/agora.xtec.cat\/escolademusicsijpc\/wp-json\/wp\/v2\/media?parent=3331"}],"wp:term":[{"taxonomy":"category","embeddable":true,"href":"https:\/\/agora.xtec.cat\/escolademusicsijpc\/wp-json\/wp\/v2\/categories?post=3331"},{"taxonomy":"post_tag","embeddable":true,"href":"https:\/\/agora.xtec.cat\/escolademusicsijpc\/wp-json\/wp\/v2\/tags?post=3331"}],"curies":[{"name":"wp","href":"https:\/\/api.w.org\/{rel}","templated":true}]}}