{"id":331,"date":"2009-12-19T16:59:44","date_gmt":"2009-12-19T15:59:44","guid":{"rendered":"http:\/\/escolademusicsjpc.wordpress.com\/?p=331"},"modified":"2018-10-05T16:21:01","modified_gmt":"2018-10-05T14:21:01","slug":"1%c2%aa-jam-session-lem-i-jpc","status":"publish","type":"post","link":"https:\/\/agora.xtec.cat\/escolademusicsijpc\/general\/1%c2%aa-jam-session-lem-i-jpc\/","title":{"rendered":"1\u00aa Jam Session L&#8217;EM i JPC"},"content":{"rendered":"<p><iframe loading=\"lazy\" src=\"https:\/\/www.youtube.com\/embed\/Pz5BkPhynGE\" width=\"420\" height=\"315\" frameborder=\"0\" allowfullscreen=\"allowfullscreen\"><\/iframe><br \/>\nEl passat 19 de gener van organitzar la 1\u00aa JAM-SESSION de l&#8217;escola, entre alumnes i professors, al local de Riera Alta 10. Una base de professors es va anar alternant amb els alumnes, bastants, que es van animar a tocar diversos est\u00e0ndards. L&#8217;experi\u00e8ncia, amb for\u00e7a p\u00fablic, es repetir\u00e0 aviat. \u00c9s agradable veure tants alumnes joves animant-se tocant junts amb els professors.<\/p>\n<p style=\"text-align: center;\"><img loading=\"lazy\" decoding=\"async\" class=\"alignnone size-full wp-image-180\" title=\"lem\" src=\"http:\/\/escolademusicsjpc.files.wordpress.com\/2009\/11\/lem.gif\" alt=\"\" width=\"45\" height=\"48\" \/><\/p>\n","protected":false},"excerpt":{"rendered":"<p>El passat 19 de gener van organitzar la 1\u00aa JAM-SESSION de l&#8217;escola, entre alumnes i professors, al local de Riera Alta 10. Una base de professors es va anar alternant amb els alumnes, bastants, que es van animar a tocar diversos est\u00e0ndards. L&#8217;experi\u00e8ncia, amb for\u00e7a&hellip;  <a href=\"https:\/\/agora.xtec.cat\/escolademusicsijpc\/general\/1%c2%aa-jam-session-lem-i-jpc\/\" title=\"Read 1\u00aa Jam Session L&#8217;EM i JPC\">Llegeix m\u00e9s\u00bb<\/a><\/p>\n","protected":false},"author":1,"featured_media":0,"comment_status":"open","ping_status":"closed","sticky":false,"template":"","format":"standard","meta":{"_bbp_topic_count":0,"_bbp_reply_count":0,"_bbp_total_topic_count":0,"_bbp_total_reply_count":0,"_bbp_voice_count":0,"_bbp_anonymous_reply_count":0,"_bbp_topic_count_hidden":0,"_bbp_reply_count_hidden":0,"_bbp_forum_subforum_count":0,"footnotes":""},"categories":[62,1,104],"tags":[87],"class_list":["post-331","post","type-post","status-publish","format-standard","hentry","category-combos","category-general","category-uncategorized","tag-jam-session"],"post_mailing_queue_ids":[],"_links":{"self":[{"href":"https:\/\/agora.xtec.cat\/escolademusicsijpc\/wp-json\/wp\/v2\/posts\/331","targetHints":{"allow":["GET"]}}],"collection":[{"href":"https:\/\/agora.xtec.cat\/escolademusicsijpc\/wp-json\/wp\/v2\/posts"}],"about":[{"href":"https:\/\/agora.xtec.cat\/escolademusicsijpc\/wp-json\/wp\/v2\/types\/post"}],"author":[{"embeddable":true,"href":"https:\/\/agora.xtec.cat\/escolademusicsijpc\/wp-json\/wp\/v2\/users\/1"}],"replies":[{"embeddable":true,"href":"https:\/\/agora.xtec.cat\/escolademusicsijpc\/wp-json\/wp\/v2\/comments?post=331"}],"version-history":[{"count":3,"href":"https:\/\/agora.xtec.cat\/escolademusicsijpc\/wp-json\/wp\/v2\/posts\/331\/revisions"}],"predecessor-version":[{"id":6965,"href":"https:\/\/agora.xtec.cat\/escolademusicsijpc\/wp-json\/wp\/v2\/posts\/331\/revisions\/6965"}],"wp:attachment":[{"href":"https:\/\/agora.xtec.cat\/escolademusicsijpc\/wp-json\/wp\/v2\/media?parent=331"}],"wp:term":[{"taxonomy":"category","embeddable":true,"href":"https:\/\/agora.xtec.cat\/escolademusicsijpc\/wp-json\/wp\/v2\/categories?post=331"},{"taxonomy":"post_tag","embeddable":true,"href":"https:\/\/agora.xtec.cat\/escolademusicsijpc\/wp-json\/wp\/v2\/tags?post=331"}],"curies":[{"name":"wp","href":"https:\/\/api.w.org\/{rel}","templated":true}]}}