{"id":3303,"date":"2014-04-22T17:21:44","date_gmt":"2014-04-22T16:21:44","guid":{"rendered":"http:\/\/lescolademusicsijpc.wordpress.com\/?p=3303"},"modified":"2016-01-28T21:05:11","modified_gmt":"2016-01-28T20:05:11","slug":"concert-corals-laboure-i-cnl","status":"publish","type":"post","link":"https:\/\/agora.xtec.cat\/escolademusicsijpc\/concerts\/concert-corals-laboure-i-cnl\/","title":{"rendered":"Concert Corals Labour\u00e9 i CNL"},"content":{"rendered":"<p>El passat 9 d&#8217;abril a l&#8217;Escola de M\u00fasics es va viure un concert molt especial. Les corals de Labour\u00e9 i del Centre de Normalitzaci\u00f3 Ling\u00fc\u00edstica van oferir un concert molt variat i van acabar amb dues obres conjuntes. La direcci\u00f3 de les dues corals \u00e9s a c\u00e0rreg de Cristina Colomer i van estar acompanyades per la pianista Merichel Sembrano.<\/p>\n<div>Va ser un concert molt bonic i esperem que aviat els poguem tornar a escoltar.<\/div>\n<div><img loading=\"lazy\" decoding=\"async\" class=\"alignnone wp-image-3327 size-thumbnail\" src=\"http:\/\/agora.xtec.cat\/escolademusicsijpc\/wp-content\/uploads\/usu459\/2014\/04\/image15.gif?w=150\" alt=\"image15\" width=\"150\" height=\"111\" \/> <img loading=\"lazy\" decoding=\"async\" class=\"alignnone wp-image-3326 size-thumbnail\" src=\"http:\/\/agora.xtec.cat\/escolademusicsijpc\/wp-content\/uploads\/usu459\/2014\/04\/image13.gif?w=111\" alt=\"image13\" width=\"111\" height=\"150\" \/> <img loading=\"lazy\" decoding=\"async\" class=\"alignnone wp-image-3325 size-thumbnail\" src=\"http:\/\/agora.xtec.cat\/escolademusicsijpc\/wp-content\/uploads\/usu459\/2014\/04\/image11.gif?w=111\" alt=\"image11\" width=\"111\" height=\"150\" \/> <img loading=\"lazy\" decoding=\"async\" class=\"alignnone wp-image-3324 size-thumbnail\" src=\"http:\/\/agora.xtec.cat\/escolademusicsijpc\/wp-content\/uploads\/usu459\/2014\/04\/image10.gif?w=150\" alt=\"image10\" width=\"150\" height=\"111\" \/> <img loading=\"lazy\" decoding=\"async\" class=\"alignnone wp-image-3323 size-thumbnail\" src=\"http:\/\/agora.xtec.cat\/escolademusicsijpc\/wp-content\/uploads\/usu459\/2014\/04\/image6.gif?w=111\" alt=\"image6\" width=\"111\" height=\"150\" \/> <img loading=\"lazy\" decoding=\"async\" class=\"alignnone wp-image-3322 size-thumbnail\" src=\"http:\/\/agora.xtec.cat\/escolademusicsijpc\/wp-content\/uploads\/usu459\/2014\/04\/image3.gif?w=150\" alt=\"image3\" width=\"150\" height=\"111\" \/> <img loading=\"lazy\" decoding=\"async\" class=\"alignnone wp-image-3321 size-thumbnail\" src=\"http:\/\/agora.xtec.cat\/escolademusicsijpc\/wp-content\/uploads\/usu459\/2014\/04\/image2.gif?w=112\" alt=\"image2\" width=\"112\" height=\"150\" \/> <img loading=\"lazy\" decoding=\"async\" class=\"alignnone wp-image-3320 size-thumbnail\" src=\"http:\/\/agora.xtec.cat\/escolademusicsijpc\/wp-content\/uploads\/usu459\/2014\/04\/image1.gif?w=111\" alt=\"image1\" width=\"111\" height=\"150\" \/><\/div>\n","protected":false},"excerpt":{"rendered":"<p>El passat 9 d&#8217;abril a l&#8217;Escola de M\u00fasics es va viure un concert molt especial. Les corals de Labour\u00e9 i del Centre de Normalitzaci\u00f3 Ling\u00fc\u00edstica van oferir un concert molt variat i van acabar amb dues obres conjuntes. La direcci\u00f3 de les dues corals \u00e9s&hellip;  <a href=\"https:\/\/agora.xtec.cat\/escolademusicsijpc\/concerts\/concert-corals-laboure-i-cnl\/\" title=\"Read Concert Corals Labour\u00e9 i CNL\">Llegeix m\u00e9s\u00bb<\/a><\/p>\n","protected":false},"author":1,"featured_media":3323,"comment_status":"open","ping_status":"open","sticky":false,"template":"","format":"standard","meta":{"_bbp_topic_count":0,"_bbp_reply_count":0,"_bbp_total_topic_count":0,"_bbp_total_reply_count":0,"_bbp_voice_count":0,"_bbp_anonymous_reply_count":0,"_bbp_topic_count_hidden":0,"_bbp_reply_count_hidden":0,"_bbp_forum_subforum_count":0,"footnotes":""},"categories":[63],"tags":[],"class_list":["post-3303","post","type-post","status-publish","format-standard","has-post-thumbnail","hentry","category-concerts"],"post_mailing_queue_ids":[],"_links":{"self":[{"href":"https:\/\/agora.xtec.cat\/escolademusicsijpc\/wp-json\/wp\/v2\/posts\/3303","targetHints":{"allow":["GET"]}}],"collection":[{"href":"https:\/\/agora.xtec.cat\/escolademusicsijpc\/wp-json\/wp\/v2\/posts"}],"about":[{"href":"https:\/\/agora.xtec.cat\/escolademusicsijpc\/wp-json\/wp\/v2\/types\/post"}],"author":[{"embeddable":true,"href":"https:\/\/agora.xtec.cat\/escolademusicsijpc\/wp-json\/wp\/v2\/users\/1"}],"replies":[{"embeddable":true,"href":"https:\/\/agora.xtec.cat\/escolademusicsijpc\/wp-json\/wp\/v2\/comments?post=3303"}],"version-history":[{"count":2,"href":"https:\/\/agora.xtec.cat\/escolademusicsijpc\/wp-json\/wp\/v2\/posts\/3303\/revisions"}],"predecessor-version":[{"id":4871,"href":"https:\/\/agora.xtec.cat\/escolademusicsijpc\/wp-json\/wp\/v2\/posts\/3303\/revisions\/4871"}],"wp:featuredmedia":[{"embeddable":true,"href":"https:\/\/agora.xtec.cat\/escolademusicsijpc\/wp-json\/wp\/v2\/media\/3323"}],"wp:attachment":[{"href":"https:\/\/agora.xtec.cat\/escolademusicsijpc\/wp-json\/wp\/v2\/media?parent=3303"}],"wp:term":[{"taxonomy":"category","embeddable":true,"href":"https:\/\/agora.xtec.cat\/escolademusicsijpc\/wp-json\/wp\/v2\/categories?post=3303"},{"taxonomy":"post_tag","embeddable":true,"href":"https:\/\/agora.xtec.cat\/escolademusicsijpc\/wp-json\/wp\/v2\/tags?post=3303"}],"curies":[{"name":"wp","href":"https:\/\/api.w.org\/{rel}","templated":true}]}}