{"id":3259,"date":"2014-04-08T17:56:16","date_gmt":"2014-04-08T16:56:16","guid":{"rendered":"http:\/\/lescolademusicsijpc.wordpress.com\/?p=3259"},"modified":"2016-01-28T21:11:46","modified_gmt":"2016-01-28T20:11:46","slug":"lescola-de-musics-i-jpc-fa-sonar-el-palau","status":"publish","type":"post","link":"https:\/\/agora.xtec.cat\/escolademusicsijpc\/concerts\/lescola-de-musics-i-jpc-fa-sonar-el-palau\/","title":{"rendered":"L&#8217;Escola de M\u00fasics i JPC fa sonar El Palau."},"content":{"rendered":"<div><img loading=\"lazy\" decoding=\"async\" class=\"alignright size-full wp-image-3267\" src=\"http:\/\/agora.xtec.cat\/escolademusicsijpc\/wp-content\/uploads\/usu459\/2014\/04\/img-20140402-wa0005.gif\" alt=\"IMG-20140402-WA0005\" width=\"150\" height=\"200\" \/>El passat dimecres 2 d&#8217;abril, alumnes de l&#8217;Escola de M\u00fasics van tenir la possibilitat de fer un concert al Foyer del Palau de la M\u00fasica.<\/div>\n<div>En Manuel G\u00f3mez, alumne de Jordi Farr\u00e9s, l&#8217;Iris Liesbeth Ruesink, alumna d&#8217;Irene Andreu i Ariadna Pedrero, Lena Sendra, Mariona Valls, Cl\u00e0udia Riera, Ada Gomar i en Xavier Calvet, alumnes de Cristina Colomer van oferir un concert molt variat en un marc incomparable.<\/div>\n<div>Per acabar, les professores de l&#8217;escola Cristina Colomer i Irene Andreu (duo Capriccio) van interpretar obres de Faur\u00e9, Rachmaninov i Piazzolla.<\/div>\n<div><img loading=\"lazy\" decoding=\"async\" class=\"alignleft size-full wp-image-3265\" src=\"http:\/\/agora.xtec.cat\/escolademusicsijpc\/wp-content\/uploads\/usu459\/2014\/04\/ddc6f76ac9e58dd20127ba926ed45a39.gif\" alt=\"ddc6f76ac9e58dd20127ba926ed45a39\" width=\"200\" height=\"150\" \/> <img loading=\"lazy\" decoding=\"async\" class=\"alignleft size-full wp-image-3264\" src=\"http:\/\/agora.xtec.cat\/escolademusicsijpc\/wp-content\/uploads\/usu459\/2014\/04\/20140402_124002.gif\" alt=\"20140402_124002\" width=\"200\" height=\"150\" \/> <img loading=\"lazy\" decoding=\"async\" class=\"alignleft size-full wp-image-3263\" src=\"http:\/\/agora.xtec.cat\/escolademusicsijpc\/wp-content\/uploads\/usu459\/2014\/04\/20140402_122657.gif\" alt=\"20140402_122657\" width=\"200\" height=\"150\" \/> <img loading=\"lazy\" decoding=\"async\" class=\"alignleft size-full wp-image-3262\" src=\"http:\/\/agora.xtec.cat\/escolademusicsijpc\/wp-content\/uploads\/usu459\/2014\/04\/20140402_121818.gif\" alt=\"20140402_121818\" width=\"200\" height=\"150\" \/> <img loading=\"lazy\" decoding=\"async\" class=\"alignleft size-full wp-image-3261\" src=\"http:\/\/agora.xtec.cat\/escolademusicsijpc\/wp-content\/uploads\/usu459\/2014\/04\/20140402_121239.gif\" alt=\"20140402_121239\" width=\"200\" height=\"150\" \/> <img loading=\"lazy\" decoding=\"async\" class=\"alignleft size-full wp-image-3260\" src=\"http:\/\/agora.xtec.cat\/escolademusicsijpc\/wp-content\/uploads\/usu459\/2014\/04\/85208d9ed5df4e396fa8cec9e7a2690e.gif\" alt=\"85208d9ed5df4e396fa8cec9e7a2690e\" width=\"200\" height=\"150\" \/><\/div>\n<div><\/div>\n","protected":false},"excerpt":{"rendered":"<p>El passat dimecres 2 d&#8217;abril, alumnes de l&#8217;Escola de M\u00fasics van tenir la possibilitat de fer un concert al Foyer del Palau de la M\u00fasica.<br \/>\nEn Manuel G\u00f3mez, alumne de Jordi Farr\u00e9s, l&#8217;Iris Liesbeth Ruesink, alumna d&#8217;Irene Andreu i Ariadna Pedrero, Lena Sendra, Mariona Valls, Cl\u00e0udia&hellip;  <a href=\"https:\/\/agora.xtec.cat\/escolademusicsijpc\/concerts\/lescola-de-musics-i-jpc-fa-sonar-el-palau\/\" title=\"Read L&#8217;Escola de M\u00fasics i JPC fa sonar El Palau.\">Llegeix m\u00e9s\u00bb<\/a><\/p>\n","protected":false},"author":1,"featured_media":3261,"comment_status":"open","ping_status":"open","sticky":false,"template":"","format":"standard","meta":{"_bbp_topic_count":0,"_bbp_reply_count":0,"_bbp_total_topic_count":0,"_bbp_total_reply_count":0,"_bbp_voice_count":0,"_bbp_anonymous_reply_count":0,"_bbp_topic_count_hidden":0,"_bbp_reply_count_hidden":0,"_bbp_forum_subforum_count":0,"footnotes":""},"categories":[63],"tags":[],"class_list":["post-3259","post","type-post","status-publish","format-standard","has-post-thumbnail","hentry","category-concerts"],"post_mailing_queue_ids":[],"_links":{"self":[{"href":"https:\/\/agora.xtec.cat\/escolademusicsijpc\/wp-json\/wp\/v2\/posts\/3259","targetHints":{"allow":["GET"]}}],"collection":[{"href":"https:\/\/agora.xtec.cat\/escolademusicsijpc\/wp-json\/wp\/v2\/posts"}],"about":[{"href":"https:\/\/agora.xtec.cat\/escolademusicsijpc\/wp-json\/wp\/v2\/types\/post"}],"author":[{"embeddable":true,"href":"https:\/\/agora.xtec.cat\/escolademusicsijpc\/wp-json\/wp\/v2\/users\/1"}],"replies":[{"embeddable":true,"href":"https:\/\/agora.xtec.cat\/escolademusicsijpc\/wp-json\/wp\/v2\/comments?post=3259"}],"version-history":[{"count":2,"href":"https:\/\/agora.xtec.cat\/escolademusicsijpc\/wp-json\/wp\/v2\/posts\/3259\/revisions"}],"predecessor-version":[{"id":4877,"href":"https:\/\/agora.xtec.cat\/escolademusicsijpc\/wp-json\/wp\/v2\/posts\/3259\/revisions\/4877"}],"wp:featuredmedia":[{"embeddable":true,"href":"https:\/\/agora.xtec.cat\/escolademusicsijpc\/wp-json\/wp\/v2\/media\/3261"}],"wp:attachment":[{"href":"https:\/\/agora.xtec.cat\/escolademusicsijpc\/wp-json\/wp\/v2\/media?parent=3259"}],"wp:term":[{"taxonomy":"category","embeddable":true,"href":"https:\/\/agora.xtec.cat\/escolademusicsijpc\/wp-json\/wp\/v2\/categories?post=3259"},{"taxonomy":"post_tag","embeddable":true,"href":"https:\/\/agora.xtec.cat\/escolademusicsijpc\/wp-json\/wp\/v2\/tags?post=3259"}],"curies":[{"name":"wp","href":"https:\/\/api.w.org\/{rel}","templated":true}]}}