{"id":3251,"date":"2014-04-07T17:30:36","date_gmt":"2014-04-07T16:30:36","guid":{"rendered":"http:\/\/lescolademusicsijpc.wordpress.com\/?p=3251"},"modified":"2016-02-10T17:30:25","modified_gmt":"2016-02-10T16:30:25","slug":"master-classes-de-trompeta-amb-el-cesar-femenia","status":"publish","type":"post","link":"https:\/\/agora.xtec.cat\/escolademusicsijpc\/master-classes\/master-classes-de-trompeta-amb-el-cesar-femenia\/","title":{"rendered":"Master Classes de Trompeta amb en C\u00e9sar Femen\u00eda"},"content":{"rendered":"<p>El passat dissabte 5 d&#8217;abril, els alumnes de trompeta del mestre C\u00e9sar <span class=\"hiddenSpellError\">Femen\u00eda<\/span> van poder gaudir d&#8217;un mat\u00ed molt especial. Es van ajuntar tots a fer una classe col\u00b7lectiva per treballar molts aspectes de l&#8217;instrument tant t\u00e8cnics com musicals. Els alumnes van marxar molt motivats i amb moltes ganes de repetir-ho!<\/p>\n<p><a href=\"http:\/\/agora.xtec.cat\/escolademusicsijpc\/wp-content\/uploads\/usu459\/2014\/04\/captura-de-pantalla-2014-04-07-a-las-09_50_02-1.gif\"><img loading=\"lazy\" decoding=\"async\" class=\"alignleft size-full wp-image-3252\" src=\"http:\/\/agora.xtec.cat\/escolademusicsijpc\/wp-content\/uploads\/usu459\/2014\/04\/captura-de-pantalla-2014-04-07-a-las-09_50_02-1.gif\" alt=\"Captura-de-pantalla-2014-04-07-a-la(s)-09_50_02-1\" width=\"200\" height=\"125\" \/><\/a> <a href=\"http:\/\/agora.xtec.cat\/escolademusicsijpc\/wp-content\/uploads\/usu459\/2014\/04\/captura-de-pantalla-2014-04-07-a-las-09_52_22-1.gif\"><img loading=\"lazy\" decoding=\"async\" class=\"alignleft size-full wp-image-3253\" src=\"http:\/\/agora.xtec.cat\/escolademusicsijpc\/wp-content\/uploads\/usu459\/2014\/04\/captura-de-pantalla-2014-04-07-a-las-09_52_22-1.gif\" alt=\"Captura-de-pantalla-2014-04-07-a-la(s)-09_52_22-1\" width=\"200\" height=\"125\" \/><\/a><\/p>\n","protected":false},"excerpt":{"rendered":"<p>El passat dissabte 5 d&#8217;abril, els alumnes de trompeta del mestre C\u00e9sar Femen\u00eda van poder gaudir d&#8217;un mat\u00ed molt especial. Es van ajuntar tots a fer una classe col\u00b7lectiva per treballar molts aspectes de l&#8217;instrument tant t\u00e8cnics com musicals. Els alumnes van marxar molt motivats&hellip;  <a href=\"https:\/\/agora.xtec.cat\/escolademusicsijpc\/master-classes\/master-classes-de-trompeta-amb-el-cesar-femenia\/\" title=\"Read Master Classes de Trompeta amb en C\u00e9sar Femen\u00eda\">Llegeix m\u00e9s\u00bb<\/a><\/p>\n","protected":false},"author":1,"featured_media":3252,"comment_status":"open","ping_status":"open","sticky":false,"template":"","format":"standard","meta":{"_bbp_topic_count":0,"_bbp_reply_count":0,"_bbp_total_topic_count":0,"_bbp_total_reply_count":0,"_bbp_voice_count":0,"_bbp_anonymous_reply_count":0,"_bbp_topic_count_hidden":0,"_bbp_reply_count_hidden":0,"_bbp_forum_subforum_count":0,"footnotes":""},"categories":[69],"tags":[],"class_list":["post-3251","post","type-post","status-publish","format-standard","has-post-thumbnail","hentry","category-master-classes"],"post_mailing_queue_ids":[],"_links":{"self":[{"href":"https:\/\/agora.xtec.cat\/escolademusicsijpc\/wp-json\/wp\/v2\/posts\/3251","targetHints":{"allow":["GET"]}}],"collection":[{"href":"https:\/\/agora.xtec.cat\/escolademusicsijpc\/wp-json\/wp\/v2\/posts"}],"about":[{"href":"https:\/\/agora.xtec.cat\/escolademusicsijpc\/wp-json\/wp\/v2\/types\/post"}],"author":[{"embeddable":true,"href":"https:\/\/agora.xtec.cat\/escolademusicsijpc\/wp-json\/wp\/v2\/users\/1"}],"replies":[{"embeddable":true,"href":"https:\/\/agora.xtec.cat\/escolademusicsijpc\/wp-json\/wp\/v2\/comments?post=3251"}],"version-history":[{"count":2,"href":"https:\/\/agora.xtec.cat\/escolademusicsijpc\/wp-json\/wp\/v2\/posts\/3251\/revisions"}],"predecessor-version":[{"id":5352,"href":"https:\/\/agora.xtec.cat\/escolademusicsijpc\/wp-json\/wp\/v2\/posts\/3251\/revisions\/5352"}],"wp:featuredmedia":[{"embeddable":true,"href":"https:\/\/agora.xtec.cat\/escolademusicsijpc\/wp-json\/wp\/v2\/media\/3252"}],"wp:attachment":[{"href":"https:\/\/agora.xtec.cat\/escolademusicsijpc\/wp-json\/wp\/v2\/media?parent=3251"}],"wp:term":[{"taxonomy":"category","embeddable":true,"href":"https:\/\/agora.xtec.cat\/escolademusicsijpc\/wp-json\/wp\/v2\/categories?post=3251"},{"taxonomy":"post_tag","embeddable":true,"href":"https:\/\/agora.xtec.cat\/escolademusicsijpc\/wp-json\/wp\/v2\/tags?post=3251"}],"curies":[{"name":"wp","href":"https:\/\/api.w.org\/{rel}","templated":true}]}}