{"id":3210,"date":"2014-03-21T16:47:06","date_gmt":"2014-03-21T15:47:06","guid":{"rendered":"http:\/\/lescolademusicsijpc.wordpress.com\/?p=3210"},"modified":"2016-02-01T19:48:49","modified_gmt":"2016-02-01T18:48:49","slug":"shan-fet-les-proves-dinstruments-pels-alumnes-de-3-a-6-anys","status":"publish","type":"post","link":"https:\/\/agora.xtec.cat\/escolademusicsijpc\/general\/shan-fet-les-proves-dinstruments-pels-alumnes-de-3-a-6-anys\/","title":{"rendered":"S&#8217;han fet les proves d&#8217;instruments pels alumnes de 3 a 6 anys"},"content":{"rendered":"<p>Com cada any a l\u2019Escola de M\u00fasics i JPC realitzem unes proves d\u2019instruments pels alumnes de sensibilitzaci\u00f3 de 3 a 6 anys. El passat 15 de mar\u00e7 es van realitzar aquestes proves. Els petits m\u00fasics de l\u2019escola van escollir 4 instruments i durant dues hores al mat\u00ed van anar passant per cada un d\u2019ells.<\/p>\n<p>Aquests tallers han estat realitzats pel professorat especialitzat de l\u2019Escola de M\u00fasics i JPC. Cada taller era diferent: en un sortien amb el dibuix de l\u2019instrument, en un altre l\u2019havien de buscar perqu\u00e8 s\u2019amagava, en l\u2019altre els hi donaven un carnet, per\u00f2 el millor de tot era veure les seves cares d\u2019il\u00b7lusi\u00f3 quan sortien de l&#8217;aula o les cares de felicitat quan tocaven.<\/p>\n<p>L\u2019experi\u00e8ncia ha estat molt positiva tant per part dels pares, els nens i els professors, i desitgem que hi hagin m\u00e9s alumnes disposats a transformar-se en petits m\u00fasics l&#8217;any que ve.<\/p>\n<p>Professora Yolanda Mallofr\u00e9<\/p>\n<p><img loading=\"lazy\" decoding=\"async\" class=\"alignleft size-full wp-image-3219\" src=\"http:\/\/agora.xtec.cat\/escolademusicsijpc\/wp-content\/uploads\/usu459\/2014\/03\/2014-03-15-11-30-38-2.gif\" alt=\"2014-03-15-11.30.38-2\" width=\"200\" height=\"150\" \/> <img loading=\"lazy\" decoding=\"async\" class=\"alignleft size-full wp-image-3218\" src=\"http:\/\/agora.xtec.cat\/escolademusicsijpc\/wp-content\/uploads\/usu459\/2014\/03\/2014-03-15-11-02-20.gif\" alt=\"2014-03-15-11.02.20\" width=\"200\" height=\"150\" \/> <img loading=\"lazy\" decoding=\"async\" class=\"alignleft size-full wp-image-3217\" src=\"http:\/\/agora.xtec.cat\/escolademusicsijpc\/wp-content\/uploads\/usu459\/2014\/03\/2014-03-15-10-00-32.gif\" alt=\"2014-03-15-10.00.32\" width=\"200\" height=\"150\" \/> <img loading=\"lazy\" decoding=\"async\" class=\"alignleft size-full wp-image-3215\" src=\"http:\/\/agora.xtec.cat\/escolademusicsijpc\/wp-content\/uploads\/usu459\/2014\/03\/2014-03-15-09-56-33.gif\" alt=\"2014-03-15-09.56.33\" width=\"200\" height=\"150\" \/> <img loading=\"lazy\" decoding=\"async\" class=\"alignnone size-full wp-image-3214\" src=\"http:\/\/agora.xtec.cat\/escolademusicsijpc\/wp-content\/uploads\/usu459\/2014\/03\/2014-03-15-09-54-42.gif\" alt=\"2014-03-15-09.54.42\" width=\"200\" height=\"150\" \/><\/p>\n","protected":false},"excerpt":{"rendered":"<p>Com cada any a l\u2019Escola de M\u00fasics i JPC realitzem unes proves d\u2019instruments pels alumnes de sensibilitzaci\u00f3 de 3 a 6 anys. El passat 15 de mar\u00e7 es van realitzar aquestes proves. Els petits m\u00fasics de l\u2019escola van escollir 4 instruments i durant dues hores&hellip;  <a href=\"https:\/\/agora.xtec.cat\/escolademusicsijpc\/general\/shan-fet-les-proves-dinstruments-pels-alumnes-de-3-a-6-anys\/\" title=\"Read S&#8217;han fet les proves d&#8217;instruments pels alumnes de 3 a 6 anys\">Llegeix m\u00e9s\u00bb<\/a><\/p>\n","protected":false},"author":1,"featured_media":3214,"comment_status":"open","ping_status":"open","sticky":false,"template":"","format":"standard","meta":{"_bbp_topic_count":0,"_bbp_reply_count":0,"_bbp_total_topic_count":0,"_bbp_total_reply_count":0,"_bbp_voice_count":0,"_bbp_anonymous_reply_count":0,"_bbp_topic_count_hidden":0,"_bbp_reply_count_hidden":0,"_bbp_forum_subforum_count":0,"footnotes":""},"categories":[1],"tags":[],"class_list":["post-3210","post","type-post","status-publish","format-standard","has-post-thumbnail","hentry","category-general"],"post_mailing_queue_ids":[],"_links":{"self":[{"href":"https:\/\/agora.xtec.cat\/escolademusicsijpc\/wp-json\/wp\/v2\/posts\/3210","targetHints":{"allow":["GET"]}}],"collection":[{"href":"https:\/\/agora.xtec.cat\/escolademusicsijpc\/wp-json\/wp\/v2\/posts"}],"about":[{"href":"https:\/\/agora.xtec.cat\/escolademusicsijpc\/wp-json\/wp\/v2\/types\/post"}],"author":[{"embeddable":true,"href":"https:\/\/agora.xtec.cat\/escolademusicsijpc\/wp-json\/wp\/v2\/users\/1"}],"replies":[{"embeddable":true,"href":"https:\/\/agora.xtec.cat\/escolademusicsijpc\/wp-json\/wp\/v2\/comments?post=3210"}],"version-history":[{"count":2,"href":"https:\/\/agora.xtec.cat\/escolademusicsijpc\/wp-json\/wp\/v2\/posts\/3210\/revisions"}],"predecessor-version":[{"id":4980,"href":"https:\/\/agora.xtec.cat\/escolademusicsijpc\/wp-json\/wp\/v2\/posts\/3210\/revisions\/4980"}],"wp:featuredmedia":[{"embeddable":true,"href":"https:\/\/agora.xtec.cat\/escolademusicsijpc\/wp-json\/wp\/v2\/media\/3214"}],"wp:attachment":[{"href":"https:\/\/agora.xtec.cat\/escolademusicsijpc\/wp-json\/wp\/v2\/media?parent=3210"}],"wp:term":[{"taxonomy":"category","embeddable":true,"href":"https:\/\/agora.xtec.cat\/escolademusicsijpc\/wp-json\/wp\/v2\/categories?post=3210"},{"taxonomy":"post_tag","embeddable":true,"href":"https:\/\/agora.xtec.cat\/escolademusicsijpc\/wp-json\/wp\/v2\/tags?post=3210"}],"curies":[{"name":"wp","href":"https:\/\/api.w.org\/{rel}","templated":true}]}}