{"id":321,"date":"2009-12-13T16:57:12","date_gmt":"2009-12-13T15:57:12","guid":{"rendered":"http:\/\/escolademusicsjpc.wordpress.com\/?p=321"},"modified":"2016-02-10T18:25:34","modified_gmt":"2016-02-10T17:25:34","slug":"master-classes-de-luis-de-moura-castro","status":"publish","type":"post","link":"https:\/\/agora.xtec.cat\/escolademusicsijpc\/master-classes\/master-classes-de-luis-de-moura-castro\/","title":{"rendered":"Master Classes de Luis de Moura Castro"},"content":{"rendered":"<p><img loading=\"lazy\" decoding=\"async\" class=\"alignright wp-image-322 size-full\" title=\"Luis de Moura\" src=\"http:\/\/agora.xtec.cat\/escolademusicsijpc\/wp-content\/uploads\/usu459\/2010\/01\/luis-de-moura.gif\" alt=\"\" width=\"141\" height=\"200\" \/>El dia 13 de desembre vam fer a l\u2019Escola de M\u00fasics, Riera Alta 10, una trobada molt important pels alumnes i els professors. Es va convidar el mestre i pianista internacional Luiz de Moura Castro per fer una M\u00e0ster Classes de piano. Al principi hi havia una certa inquietud i nerviosisme per part dels alumnes. Es notava que la seva preocupaci\u00f3 era fer-ho b\u00e9, estaven admirats de la gran saviesa del mestre i del tractament que rebien amb tanta cura i humilitat. En Luis va emprar tota la tendresa del m\u00f3n perqu\u00e8 els alumnes ho entenguessin tot. El p\u00fablic va ser molt receptiu, respectu\u00f3s i atent. Al final els que no s\u2019havien apuntat\u00a0volien tocar, per\u00f2 el temps, malauradament, es va acabar i no va ser possible atendre\u2019ls a tots. Esperem que la propera vegada que vingui un professor amb tanta experi\u00e8ncia els alumnes s\u2019apunti sense por. L\u2019important \u00e9s aprofitar les oportunitats que l\u2019escola ens ofereix per cr\u00e9ixer musical i espiritualment.<\/p>\n","protected":false},"excerpt":{"rendered":"<p>El dia 13 de desembre vam fer a l\u2019Escola de M\u00fasics, Riera Alta 10, una trobada molt important pels alumnes i els professors. Es va convidar el mestre i pianista internacional Luiz de Moura Castro per fer una M\u00e0ster Classes de piano. Al principi hi&hellip;  <a href=\"https:\/\/agora.xtec.cat\/escolademusicsijpc\/master-classes\/master-classes-de-luis-de-moura-castro\/\" title=\"Read Master Classes de Luis de Moura Castro\">Llegeix m\u00e9s\u00bb<\/a><\/p>\n","protected":false},"author":1,"featured_media":322,"comment_status":"open","ping_status":"closed","sticky":false,"template":"","format":"standard","meta":{"_bbp_topic_count":0,"_bbp_reply_count":0,"_bbp_total_topic_count":0,"_bbp_total_reply_count":0,"_bbp_voice_count":0,"_bbp_anonymous_reply_count":0,"_bbp_topic_count_hidden":0,"_bbp_reply_count_hidden":0,"_bbp_forum_subforum_count":0,"footnotes":""},"categories":[69],"tags":[89,93],"class_list":["post-321","post","type-post","status-publish","format-standard","has-post-thumbnail","hentry","category-master-classes","tag-master-classes","tag-piano"],"post_mailing_queue_ids":[],"_links":{"self":[{"href":"https:\/\/agora.xtec.cat\/escolademusicsijpc\/wp-json\/wp\/v2\/posts\/321","targetHints":{"allow":["GET"]}}],"collection":[{"href":"https:\/\/agora.xtec.cat\/escolademusicsijpc\/wp-json\/wp\/v2\/posts"}],"about":[{"href":"https:\/\/agora.xtec.cat\/escolademusicsijpc\/wp-json\/wp\/v2\/types\/post"}],"author":[{"embeddable":true,"href":"https:\/\/agora.xtec.cat\/escolademusicsijpc\/wp-json\/wp\/v2\/users\/1"}],"replies":[{"embeddable":true,"href":"https:\/\/agora.xtec.cat\/escolademusicsijpc\/wp-json\/wp\/v2\/comments?post=321"}],"version-history":[{"count":3,"href":"https:\/\/agora.xtec.cat\/escolademusicsijpc\/wp-json\/wp\/v2\/posts\/321\/revisions"}],"predecessor-version":[{"id":5373,"href":"https:\/\/agora.xtec.cat\/escolademusicsijpc\/wp-json\/wp\/v2\/posts\/321\/revisions\/5373"}],"wp:featuredmedia":[{"embeddable":true,"href":"https:\/\/agora.xtec.cat\/escolademusicsijpc\/wp-json\/wp\/v2\/media\/322"}],"wp:attachment":[{"href":"https:\/\/agora.xtec.cat\/escolademusicsijpc\/wp-json\/wp\/v2\/media?parent=321"}],"wp:term":[{"taxonomy":"category","embeddable":true,"href":"https:\/\/agora.xtec.cat\/escolademusicsijpc\/wp-json\/wp\/v2\/categories?post=321"},{"taxonomy":"post_tag","embeddable":true,"href":"https:\/\/agora.xtec.cat\/escolademusicsijpc\/wp-json\/wp\/v2\/tags?post=321"}],"curies":[{"name":"wp","href":"https:\/\/api.w.org\/{rel}","templated":true}]}}