{"id":3193,"date":"2014-03-20T19:36:37","date_gmt":"2014-03-20T18:36:37","guid":{"rendered":"http:\/\/lescolademusicsijpc.wordpress.com\/?p=3193"},"modified":"2016-02-03T18:38:14","modified_gmt":"2016-02-03T17:38:14","slug":"60e-concurs-maria-canals","status":"publish","type":"post","link":"https:\/\/agora.xtec.cat\/escolademusicsijpc\/general\/60e-concurs-maria-canals\/","title":{"rendered":"60\u00e8 Concurs Maria Canals"},"content":{"rendered":"<figure class=\"figure wp-caption alignright\"><img loading=\"lazy\" decoding=\"async\" class=\"size-full wp-image-3201\" src=\"http:\/\/agora.xtec.cat\/escolademusicsijpc\/wp-content\/uploads\/usu459\/2014\/03\/maria-canals.gif\" alt=\"60\u00e8 concurs\" width=\"148\" height=\"200\" \/><figcaption class=\"wp-caption-text\">60\u00e8 concurs<\/figcaption><\/figure>\n<p>Us informem que amb la marat\u00f3 de piano de la Pla\u00e7a Reial el pr\u00f2xim dia 21 de mar\u00e7 i la col\u00b7locaci\u00f3 de 10 pianos de cua al Passeig de Gr\u00e0cia el dia 22 per qui els vulgui tocar entre les 11h i les 20h, s\u2019iniciar\u00e0 una nova edici\u00f3 del Concurs Maria Canals (http:\/\/www.mariacanals.cat\/), que entre el 21 de mar\u00e7 i el 2 d\u2019abril convertir\u00e0 Barcelona en la capital mundial del piano.<\/p>\n<p>Durant aquests dies, 88 pianistes joves de 26 pa\u00efsos, participaran en les proves del concurs que se celebren al Palau de la M\u00fasica Catalana. Us anunciem que presentant un justificant com que sou alumnes de l\u2019escola a les taquilles del Palau, els estudiants tindran 50% de descompte per accedir a les proves i a la final amb orquestra. Podeu consultar els horaris de les proves del concurs a: http:\/\/mariacanals.cat\/mm\/file\/60concurs\/horarisweb.JPG<\/p>\n<p>En paral\u00b7lel a les proves del concurs, durant aquests dies el concurs col\u00b7locar\u00e0 pianos de cua en diversos empla\u00e7aments p\u00fablics i carrers, a disposici\u00f3 de qui els vulgui tocar. Us animem a qu\u00e8 us hi acosteu i els toqueu, ja que \u00e9s una bona experi\u00e8ncia.<\/p>\n<p>Per altra banda, us recordem que el Concurs Maria Canals des de fa 3 anys organitza un concurs obert a tothom per a estudiants i amateurs, que es diu \u201cTu hi toques?\u201d i que vol promoure la pr\u00e0ctica del piano, independentment del nivell i les edats. Est\u00e0 dividit en 4 categories amb diferents franges d\u2019edat, obert a tothom independentment del nivell, que consisteix en el fet que la gent i els estudiants poden penjar al Facebook del Maria Canals un v\u00eddeo seu tocant el piano, de m\u00e0xim 5 minuts. Els guanyadors, a part de poder mostrar com toquen, podran optar a guanyar un pack de CD\u2019s, entrades&#8230; Us adjuntem les bases: http:\/\/mariacanals.cat\/mm\/file\/60concurs\/tuhitoques_60_cat.pdf<\/p>\n<p>Us adjuntem un flyer electr\u00f2nic amb els horaris del 60 Concurs Maria Canals 2014 i els dies i empla\u00e7aments on aquests dies posarem els pianos de cua a disposici\u00f3 de qui els vulgui tocar. Tamb\u00e9\u00a0<a href=\"http:\/\/agora.xtec.cat\/escolademusicsijpc\/wp-content\/uploads\/usu459\/2014\/03\/mcb60-guia-off_f-web-2.pdf\">la Guia MCB<\/a> amb totes les activitats detallades del concurs.<\/p>\n<h3>Els alumnes de piano l&#8217;escola actuaran en els seg\u00fcents espais:<\/h3>\n<ul>\n<li>22 mar\u00e7 de 12 a 14h. al Passeig de Gr\u00e0cia.<\/li>\n<li>31 de mar\u00e7 a les 18h. a l&#8217;intercanviador del metro de Diagonal.<\/li>\n<li>2 abril de 12 a 14h. al Foyer del Palau de la M\u00fasica.<\/li>\n<\/ul>\n","protected":false},"excerpt":{"rendered":"<p>60\u00e8 concurs<br \/>\nUs informem que amb la marat\u00f3 de piano de la Pla\u00e7a Reial el pr\u00f2xim dia 21 de mar\u00e7 i la col\u00b7locaci\u00f3 de 10 pianos de cua al Passeig de Gr\u00e0cia el dia 22 per qui els vulgui tocar entre les 11h i les 20h,&hellip;  <a href=\"https:\/\/agora.xtec.cat\/escolademusicsijpc\/general\/60e-concurs-maria-canals\/\" title=\"Read 60\u00e8 Concurs Maria Canals\">Llegeix m\u00e9s\u00bb<\/a><\/p>\n","protected":false},"author":1,"featured_media":3201,"comment_status":"open","ping_status":"open","sticky":false,"template":"","format":"standard","meta":{"_bbp_topic_count":0,"_bbp_reply_count":0,"_bbp_total_topic_count":0,"_bbp_total_reply_count":0,"_bbp_voice_count":0,"_bbp_anonymous_reply_count":0,"_bbp_topic_count_hidden":0,"_bbp_reply_count_hidden":0,"_bbp_forum_subforum_count":0,"footnotes":""},"categories":[1],"tags":[],"class_list":["post-3193","post","type-post","status-publish","format-standard","has-post-thumbnail","hentry","category-general"],"post_mailing_queue_ids":[],"_links":{"self":[{"href":"https:\/\/agora.xtec.cat\/escolademusicsijpc\/wp-json\/wp\/v2\/posts\/3193","targetHints":{"allow":["GET"]}}],"collection":[{"href":"https:\/\/agora.xtec.cat\/escolademusicsijpc\/wp-json\/wp\/v2\/posts"}],"about":[{"href":"https:\/\/agora.xtec.cat\/escolademusicsijpc\/wp-json\/wp\/v2\/types\/post"}],"author":[{"embeddable":true,"href":"https:\/\/agora.xtec.cat\/escolademusicsijpc\/wp-json\/wp\/v2\/users\/1"}],"replies":[{"embeddable":true,"href":"https:\/\/agora.xtec.cat\/escolademusicsijpc\/wp-json\/wp\/v2\/comments?post=3193"}],"version-history":[{"count":2,"href":"https:\/\/agora.xtec.cat\/escolademusicsijpc\/wp-json\/wp\/v2\/posts\/3193\/revisions"}],"predecessor-version":[{"id":5128,"href":"https:\/\/agora.xtec.cat\/escolademusicsijpc\/wp-json\/wp\/v2\/posts\/3193\/revisions\/5128"}],"wp:featuredmedia":[{"embeddable":true,"href":"https:\/\/agora.xtec.cat\/escolademusicsijpc\/wp-json\/wp\/v2\/media\/3201"}],"wp:attachment":[{"href":"https:\/\/agora.xtec.cat\/escolademusicsijpc\/wp-json\/wp\/v2\/media?parent=3193"}],"wp:term":[{"taxonomy":"category","embeddable":true,"href":"https:\/\/agora.xtec.cat\/escolademusicsijpc\/wp-json\/wp\/v2\/categories?post=3193"},{"taxonomy":"post_tag","embeddable":true,"href":"https:\/\/agora.xtec.cat\/escolademusicsijpc\/wp-json\/wp\/v2\/tags?post=3193"}],"curies":[{"name":"wp","href":"https:\/\/api.w.org\/{rel}","templated":true}]}}