{"id":3168,"date":"2014-03-14T16:18:27","date_gmt":"2014-03-14T15:18:27","guid":{"rendered":"http:\/\/lescolademusicsijpc.wordpress.com\/?p=3168"},"modified":"2014-03-14T16:18:27","modified_gmt":"2014-03-14T15:18:27","slug":"matriculacio-curs-2014-15","status":"publish","type":"post","link":"https:\/\/agora.xtec.cat\/escolademusicsijpc\/general\/matriculacio-curs-2014-15\/","title":{"rendered":"Matriculaci\u00f3 Curs 2014-15"},"content":{"rendered":"<p>Benvolguts alumnes, mares i pares de l\u2019Escola de M\u00fasics i Escola de M\u00fasica JPC.<\/p>\n<p>Us comuniquem que a partir del 24 de mar\u00e7 ja podreu fer la <b><span style=\"text-decoration:underline;\">preinscripci\u00f3 pel curs 2014-15.<\/span><\/b><\/p>\n<p>Us fem arribar la normativa, dies i horaris de preinscripci\u00f3 i matriculaci\u00f3.<\/p>\n<p>Us informem que el dissabte 22 de mar\u00e7 farem proves d\u2019instrument per a tots aquells alumnes que es vulguin matricular d\u2019un segon instrument el curs vinent. Per concretar els horaris de les proves poseu-vos en contacte amb secretaria.<\/p>\n<p><b><span style=\"text-decoration:underline;\">Criteris a l\u2019hora de fer els horaris<\/span><\/b><\/p>\n<p>a. Tindran prefer\u00e8ncia els alumnes que facin el programa oficial.<\/p>\n<ol start=\"1\">\n<ol start=\"1\">\n<li><b>Classes Grupals: <\/b>\u00a0Tindran prefer\u00e8ncia tots aquells antics alumnes que es preinscriguin en el programa oficial i <b>es tancaran els grups per estricte ordre d\u2019arribada.<\/b><\/li>\n<li><b>Classes individuals<\/b>: Tindran prefer\u00e8ncia tots aquells antics alumnes que es preinscriguin en el programa oficial i <b>els horaris es confeccionaran segons l\u2019edat de cada alumne<\/b> (els petits m\u00e9s aviat i els grans m\u00e9s tard).<\/li>\n<\/ol>\n<\/ol>\n<p>b. Tindran prefer\u00e8ncia hor\u00e0ria tots aquells alumnes que es matriculin abans del 5 d\u2019abril.<\/p>\n<p>c. Germans.<\/p>\n<p>d. Antiguitat a l\u2019escola.<\/p>\n<p><b><span style=\"text-decoration:underline;\">Preincripci\u00f3 curs 2014-15<\/span><\/b><b>:\u00a0\u00a0 del 24 de mar\u00e7 al 5 d\u2019abril<\/b><\/p>\n<p>Els alumnes que tinguin mensualitats pendents de pagament hauran d\u2019abonar-les abans de fer la preinscripci\u00f3.<\/p>\n<p align=\"center\"><b><span style=\"text-decoration:underline;\">Preus preinscripci\u00f3<\/span><\/b><\/p>\n<div align=\"center\">\n<table width=\"584\" border=\"1\" cellspacing=\"0\" cellpadding=\"0\">\n<tbody>\n<tr>\n<td width=\"169\">\n<p align=\"center\"><span style=\"text-decoration:underline;\">Programa oficial<\/span><\/p>\n<\/td>\n<td width=\"217\">\n<p align=\"center\"><span style=\"text-decoration:underline;\">Programa lliure <\/span><\/p>\n<p align=\"center\"><span style=\"text-decoration:underline;\">(amb alguna assignatura grupal)<\/span><\/p>\n<\/td>\n<td width=\"197\">\n<p align=\"center\"><span style=\"text-decoration:underline;\">Programa lliure <\/span><\/p>\n<p align=\"center\"><span style=\"text-decoration:underline;\">(sense assignatura grupal)<\/span><\/p>\n<\/td>\n<\/tr>\n<tr>\n<td valign=\"bottom\" width=\"169\">\n<p align=\"center\"><span style=\"text-decoration:underline;\">50\u20ac<\/span><\/p>\n<\/td>\n<td width=\"217\">\n<p align=\"center\"><span style=\"text-decoration:underline;\">60\u20ac<\/span><\/p>\n<\/td>\n<td width=\"197\">\n<p align=\"center\"><span style=\"text-decoration:underline;\">80\u20ac<\/span><\/p>\n<\/td>\n<\/tr>\n<\/tbody>\n<\/table>\n<\/div>\n<p align=\"center\"><b><span style=\"text-decoration:underline;\">Descomptes preinscripci\u00f3 del 24 de mar\u00e7 al 5 d\u2019abril\u00a0 <\/span><\/b><\/p>\n<p><b>60%\u00a0 &#8211;\u00a0 Alumnes del programa oficial.<\/b><\/p>\n<p><b>30%\u00a0 &#8211;\u00a0 Alumnes del programa lliure (amb assignatura grupal)<\/b><\/p>\n<p><b>15%\u00a0 &#8211;\u00a0 Alumnes del programa lliure (sense assignatura grupal)<br \/>\n<\/b><\/p>\n<ul>\n<li><a href=\"http:\/\/agora.xtec.cat\/escolademusicsijpc\/wp-content\/uploads\/usu459\/2014\/03\/preinscri-2014-15.pdf\">Preinscripci\u00f3 curs 2014-15<\/a><\/li>\n<\/ul>\n<p style=\"text-align:center;\"><span style=\"text-decoration:underline;\"><b>Confirmaci\u00f3 d\u2019horaris i matriculaci\u00f3: <\/b><\/span><\/p>\n<p><b>Del 19 al 24 de maig:<\/b> alumnes preinscrits en el programa oficial.<\/p>\n<p><b>Del 26 al 30 de maig:<\/b> alumnes preinscrits en el programa lliure.<\/p>\n<p><b>Tots aquells alumnes que no confirmin els horaris de la preinscripci\u00f3 i no signin la matr\u00edcula en el termini marcat, perdran els horaris assignats. L\u2019escola disposar\u00e0 d\u2019aquests horaris per fer canvis o per preinscriure nous alumnes.<\/b><\/p>\n<p><b>Horaris de secretaria<\/b><\/p>\n<table width=\"567\" border=\"1\" cellspacing=\"0\" cellpadding=\"0\">\n<tbody>\n<tr>\n<td valign=\"top\" width=\"302\">Matins:de dilluns a dissabte de 10 a 14hC\/ Carme 15-17Tel: 93 301 07 18<\/td>\n<td valign=\"top\" width=\"265\">Tardes:de dilluns a divendres de 16 a 21 hC\/ Riera Alta 10, 43 i C\/ Carme 15-17Tel: 93 441 00 31<\/td>\n<\/tr>\n<\/tbody>\n<\/table>\n<p>L\u2019Escola aconsella seguir la programaci\u00f3 oficial que us adjuntem a continuaci\u00f3, i que s\u2019acreditar\u00e0 amb els seg\u00fcents diplomes:<\/p>\n<p><b><span style=\"text-decoration:underline;\">Diploma acreditatiu de nivell elemental<\/span><\/b><\/p>\n<p>Assignatures m\u00ednimes que s\u2019han de cursar per l\u2019obtenci\u00f3 del diploma:<\/p>\n<p>6 cursos d\u2019instrument<\/p>\n<p>6 cursos de llenguatge musical<\/p>\n<p>4 cursos: de grup instrumental o d\u2019orquestra<\/p>\n<p><b><span style=\"text-decoration:underline;\">Diploma acreditatiu de nivell professional (mitj\u00e0)<\/span><\/b><\/p>\n<p>Assignatures m\u00ednimes que s\u2019han de cursar per l\u2019obtenci\u00f3 del diploma:<\/p>\n<p>6 cursos d\u2019instrument<\/p>\n<p>4 cursos de Llenguatge musical + 4 cursos d\u2019 harmonia<\/p>\n<p>2 cursos de dictat i harmonia aplicada a l\u2019an\u00e0lisi, l\u2019audici\u00f3 i la hist\u00f2ria de la m\u00fasica,\u00a0\u00a0 o d\u2019arranjaments i harmonia moderna<\/p>\n<p>6 cursos de cant coral, grup instrumental o orquestra.<\/p>\n<p>6 cursos de segon instrument<\/p>\n<p>Volem remarcar que aquesta programaci\u00f3 no \u00e9s obligat\u00f2ria.<\/p>\n<p>L\u2019Escola d\u00f3na l\u2019opci\u00f3 de seguir el projecte curricular per mitj\u00e0 d\u2019un programa lliure.<\/p>\n<p>L\u2019Escola es caracteritza per la seva flexibilitat, adaptant al m\u00e0xim possible la seva<\/p>\n<p>programaci\u00f3 curricular a les caracter\u00edstiques i necessitats particulars de cada alumne.<\/p>\n<p>Si teniu dubtes de com fer la preinscripci\u00f3 o de quines assignatures matricular-vos, us podeu posar en contacte amb el professor\/a d\u2019instrument (tutor), amb secretaria o concretar una reuni\u00f3 individual amb direcci\u00f3. Tamb\u00e9 us adjuntem un dossier, on trobareu informaci\u00f3 de l\u2019Escola (ideari, programaci\u00f3, assignatures, professorat, activitats i d&#8217;altres).<\/p>\n<ul>\n<li><a href=\"http:\/\/agora.xtec.cat\/escolademusicsijpc\/wp-content\/uploads\/usu459\/2014\/03\/dossier-lescola-de-mc3basics-i-jpc-2013-14.pdf\">Dossier L&#8217;Escola de M\u00fasics i JPC 2013-14<\/a><\/li>\n<\/ul>\n<p>Per a qualsevol dubte, ens podeu trobar en els horaris habituals de secretaria:<\/p>\n<p>C\/ Carme 15-17<\/p>\n<p>Matins: de dilluns a divendres de 10 a 14 h<\/p>\n<p>Tardes: de dilluns a divendres de 16 a 21h<\/p>\n<p>Dissabte: de 9 a 14h<\/p>\n<p>Tel: 93 301 07 18<\/p>\n<p>C\/ Riera Alta 10 i 43<\/p>\n<p>Tardes: de dilluns a divendres\u00a0 de 16 a 21 h<\/p>\n<p>Tel: 93 441 00 31<\/p>\n","protected":false},"excerpt":{"rendered":"<p>Benvolguts alumnes, mares i pares de l\u2019Escola de M\u00fasics i Escola de M\u00fasica JPC.<br \/>\nUs comuniquem que a partir del 24 de mar\u00e7 ja podreu fer la preinscripci\u00f3 pel curs 2014-15.<br \/>\nUs fem arribar la normativa, dies i horaris de preinscripci\u00f3 i matriculaci\u00f3.<br \/>\nUs informem que el dissabte&hellip;  <a href=\"https:\/\/agora.xtec.cat\/escolademusicsijpc\/general\/matriculacio-curs-2014-15\/\" title=\"Read Matriculaci\u00f3 Curs 2014-15\">Llegeix m\u00e9s\u00bb<\/a><\/p>\n","protected":false},"author":1,"featured_media":0,"comment_status":"open","ping_status":"open","sticky":false,"template":"","format":"standard","meta":{"_bbp_topic_count":0,"_bbp_reply_count":0,"_bbp_total_topic_count":0,"_bbp_total_reply_count":0,"_bbp_voice_count":0,"_bbp_anonymous_reply_count":0,"_bbp_topic_count_hidden":0,"_bbp_reply_count_hidden":0,"_bbp_forum_subforum_count":0,"footnotes":""},"categories":[1],"tags":[],"class_list":["post-3168","post","type-post","status-publish","format-standard","hentry","category-general"],"post_mailing_queue_ids":[],"_links":{"self":[{"href":"https:\/\/agora.xtec.cat\/escolademusicsijpc\/wp-json\/wp\/v2\/posts\/3168","targetHints":{"allow":["GET"]}}],"collection":[{"href":"https:\/\/agora.xtec.cat\/escolademusicsijpc\/wp-json\/wp\/v2\/posts"}],"about":[{"href":"https:\/\/agora.xtec.cat\/escolademusicsijpc\/wp-json\/wp\/v2\/types\/post"}],"author":[{"embeddable":true,"href":"https:\/\/agora.xtec.cat\/escolademusicsijpc\/wp-json\/wp\/v2\/users\/1"}],"replies":[{"embeddable":true,"href":"https:\/\/agora.xtec.cat\/escolademusicsijpc\/wp-json\/wp\/v2\/comments?post=3168"}],"version-history":[{"count":0,"href":"https:\/\/agora.xtec.cat\/escolademusicsijpc\/wp-json\/wp\/v2\/posts\/3168\/revisions"}],"wp:attachment":[{"href":"https:\/\/agora.xtec.cat\/escolademusicsijpc\/wp-json\/wp\/v2\/media?parent=3168"}],"wp:term":[{"taxonomy":"category","embeddable":true,"href":"https:\/\/agora.xtec.cat\/escolademusicsijpc\/wp-json\/wp\/v2\/categories?post=3168"},{"taxonomy":"post_tag","embeddable":true,"href":"https:\/\/agora.xtec.cat\/escolademusicsijpc\/wp-json\/wp\/v2\/tags?post=3168"}],"curies":[{"name":"wp","href":"https:\/\/api.w.org\/{rel}","templated":true}]}}