{"id":3126,"date":"2014-02-25T19:17:19","date_gmt":"2014-02-25T18:17:19","guid":{"rendered":"http:\/\/lescolademusicsijpc.wordpress.com\/?p=3126"},"modified":"2016-01-28T16:59:20","modified_gmt":"2016-01-28T15:59:20","slug":"la-ravalstoltada-2014","status":"publish","type":"post","link":"https:\/\/agora.xtec.cat\/escolademusicsijpc\/grups\/batucada\/la-ravalstoltada-2014\/","title":{"rendered":"La Ravalstoltada 2014"},"content":{"rendered":"<p><img loading=\"lazy\" decoding=\"async\" class=\"size-full wp-image-3128 alignright\" src=\"http:\/\/agora.xtec.cat\/escolademusicsijpc\/wp-content\/uploads\/usu459\/2014\/02\/ravalstoltada14.gif\" alt=\"ravalstoltada14\" width=\"200\" height=\"116\" \/>Dissabte 8 de Mar\u00e7 a les 17:00h acturan la Raval&#8217;s Band i la Batucada de l&#8217;escola.<\/p>\n<p>Inici de la Rua a la Rambla del Raval.<\/p>\n<p>Itinerari: Rambla del Raval, C.Maria Aur\u00e8lia Capmany, Pl. Aureli Campany, C. Carme, La Rambla, C. Nou de La Rambla, C. Sant Oleguer, C. Sant Pau, C. Reina Am\u00e0lia, Pl. Folch i Torres.<\/p>\n<p>Al final de la rua hi haur\u00e0 una comparsa oberta per a tots els ve\u00efns i ve\u00efnes que hi vulguin participar, anima&#8217;t!<\/p>\n","protected":false},"excerpt":{"rendered":"<p>Dissabte 8 de Mar\u00e7 a les 17:00h acturan la Raval&#8217;s Band i la Batucada de l&#8217;escola.<br \/>\nInici de la Rua a la Rambla del Raval.<br \/>\nItinerari: Rambla del Raval, C.Maria Aur\u00e8lia Capmany, Pl. Aureli Campany, C. Carme, La Rambla, C. Nou de La Rambla, C. Sant Oleguer,&hellip;  <a href=\"https:\/\/agora.xtec.cat\/escolademusicsijpc\/grups\/batucada\/la-ravalstoltada-2014\/\" title=\"Read La Ravalstoltada 2014\">Llegeix m\u00e9s\u00bb<\/a><\/p>\n","protected":false},"author":1,"featured_media":3128,"comment_status":"open","ping_status":"open","sticky":false,"template":"","format":"standard","meta":{"_bbp_topic_count":0,"_bbp_reply_count":0,"_bbp_total_topic_count":0,"_bbp_total_reply_count":0,"_bbp_voice_count":0,"_bbp_anonymous_reply_count":0,"_bbp_topic_count_hidden":0,"_bbp_reply_count_hidden":0,"_bbp_forum_subforum_count":0,"footnotes":""},"categories":[60,75],"tags":[],"class_list":["post-3126","post","type-post","status-publish","format-standard","has-post-thumbnail","hentry","category-batucada","category-ravals-band"],"post_mailing_queue_ids":[],"_links":{"self":[{"href":"https:\/\/agora.xtec.cat\/escolademusicsijpc\/wp-json\/wp\/v2\/posts\/3126","targetHints":{"allow":["GET"]}}],"collection":[{"href":"https:\/\/agora.xtec.cat\/escolademusicsijpc\/wp-json\/wp\/v2\/posts"}],"about":[{"href":"https:\/\/agora.xtec.cat\/escolademusicsijpc\/wp-json\/wp\/v2\/types\/post"}],"author":[{"embeddable":true,"href":"https:\/\/agora.xtec.cat\/escolademusicsijpc\/wp-json\/wp\/v2\/users\/1"}],"replies":[{"embeddable":true,"href":"https:\/\/agora.xtec.cat\/escolademusicsijpc\/wp-json\/wp\/v2\/comments?post=3126"}],"version-history":[{"count":2,"href":"https:\/\/agora.xtec.cat\/escolademusicsijpc\/wp-json\/wp\/v2\/posts\/3126\/revisions"}],"predecessor-version":[{"id":4775,"href":"https:\/\/agora.xtec.cat\/escolademusicsijpc\/wp-json\/wp\/v2\/posts\/3126\/revisions\/4775"}],"wp:featuredmedia":[{"embeddable":true,"href":"https:\/\/agora.xtec.cat\/escolademusicsijpc\/wp-json\/wp\/v2\/media\/3128"}],"wp:attachment":[{"href":"https:\/\/agora.xtec.cat\/escolademusicsijpc\/wp-json\/wp\/v2\/media?parent=3126"}],"wp:term":[{"taxonomy":"category","embeddable":true,"href":"https:\/\/agora.xtec.cat\/escolademusicsijpc\/wp-json\/wp\/v2\/categories?post=3126"},{"taxonomy":"post_tag","embeddable":true,"href":"https:\/\/agora.xtec.cat\/escolademusicsijpc\/wp-json\/wp\/v2\/tags?post=3126"}],"curies":[{"name":"wp","href":"https:\/\/api.w.org\/{rel}","templated":true}]}}