{"id":3113,"date":"2014-02-18T21:03:24","date_gmt":"2014-02-18T20:03:24","guid":{"rendered":"http:\/\/lescolademusicsijpc.wordpress.com\/?p=3113"},"modified":"2016-01-27T18:09:43","modified_gmt":"2016-01-27T17:09:43","slug":"colonies-musicals-2014","status":"publish","type":"post","link":"https:\/\/agora.xtec.cat\/escolademusicsijpc\/audicions-alumnes\/colonies-musicals-2014\/","title":{"rendered":"Col\u00f2nies Musicals 2014\u00b7\u201cGREASE LIGHT L\u2019EM\u201dEl Musical"},"content":{"rendered":"<p><img loading=\"lazy\" decoding=\"async\" class=\"alignright size-full wp-image-3115\" src=\"http:\/\/agora.xtec.cat\/escolademusicsijpc\/wp-content\/uploads\/usu459\/2014\/02\/colonies2014.gif\" alt=\"colonies2014\" width=\"141\" height=\"200\" \/><b><i>PRESENTACI\u00d3<\/i><\/b><b><i>\u00a0<\/i><\/b><\/p>\n<p>L\u2019Escola de M\u00fasics i L\u2019Escola de M\u00fasica JPC\u00a0 us convida a venir a les col\u00f2nies musicals de cada any, tres dies d\u2019intens treball musical mitjan\u00e7ant diferents tallers musicals: Rodes d\u2019instruments: percussi\u00f3, vent, corda i piano, grups instrumentals, big band, orquestres de guitarres, cant coral, sensibilitzaci\u00f3 musical.<\/p>\n<p>Tallers de samarretes, de polseres i collars, de coreografies, de maquillatge, jocs de nit, campionat de futbol i b\u00e0squet, etc&#8230;<\/p>\n<p>Tot aix\u00f2 per gaudir fent m\u00fasica tots plegats, aprenent a treballar en grup, tocant, escoltant i compartint.<\/p>\n<p><b><i>PARTICIPANTS<\/i><\/b><\/p>\n<ul>\n<li>Tots aquells alumnes que tinguin com a m\u00ednin 6 anys<\/li>\n<li>Tots els alumnes mes petits de 6 anys han de venir acompanyats com a m\u00ednim per un adult.<\/li>\n<\/ul>\n<p><b><i>PROFESSOR\/ES I MONITORS\/ES<\/i><\/b><\/p>\n<ul>\n<li>L\u2019equip de direcci\u00f3, els professors i monitors estar\u00e0 integrat per professors titulars de L\u2019Escola de M\u00fasics i Escola de M\u00fasica Juan Pedro Carrero<\/li>\n<\/ul>\n<p><b><i>LLOC DE L\u2019ESTADA<\/i><\/b><\/p>\n<ul>\n<li>Casa de col\u00f2nies La Conreria (Tiana). Tel: 93 395 10 11.<\/li>\n<li>Tel\u00e8fon de l\u2019escola: 619 84 65 65. Si us plau truqueu nom\u00e9s en cas d\u2019 emerg\u00e8ncia.<\/li>\n<\/ul>\n<p><b><i>DIES<\/i><\/b><\/p>\n<ul>\n<li>7,8 i 9 de juny<\/li>\n<\/ul>\n<p><b><i>PREU<\/i><\/b><\/p>\n<ul>\n<li>El preu total de les col\u00f2nies \u00e9s de 140\u20ac<\/li>\n<li>Segons germans, pares acompanyants, etc.. 120\u20ac<\/li>\n<li>Data l\u00edmit per inscripci\u00f3 15 de mar\u00e7. Places limitades<\/li>\n<li>Inclou: Allotjament, totes les activitats musicals i tallers, material did\u00e0ctic i l\u00fadic, aix\u00ed com les assegurances corresponents..<\/li>\n<li>El despla\u00e7ament \u00e9s a c\u00e0rrec de les fam\u00edlies.<\/li>\n<\/ul>\n<p><b><i>DIA DE CONCERT<\/i><\/b><\/p>\n<ul>\n<li>Dilluns dia 9 de juny a les 15:00h Gran concert final.<\/li>\n<\/ul>\n<h2 style=\"text-align: left;\" align=\"center\"><i>La Conreria<\/i><\/h2>\n<p><b><i>Cotxe de l\u00ednia:<\/i><\/b><\/p>\n<ul>\n<li>Empresa S\u00e0lix Bus, S.L. (Tel. 93 579 20 91) l\u00ednia Sabadell-Mollet, Sant Fost, Conreria, Tiana, Montgat, Badalona).<\/li>\n<\/ul>\n<p><b><i>Cotxe particular:<\/i><\/b><\/p>\n<ul>\n<li>Rda. de Dalt, direcci\u00f3 Bes\u00f2s. Nus de la Trinitat.<\/li>\n<li>B-20 (\u00abpota nord\u00bb). Sortida Mollet &#8211; Tiana. Agafar la B-500 direcci\u00f3 Mollet, fins al km 6 (Paratge de La Conreria). A l\u2019esquerra hi ha l\u2019entrada a la instalaci\u00f3.<\/li>\n<li>Autopista A-19 a Montgat, sortida Badalona Nord direcci\u00f3 Mollet, km 6.<\/li>\n<\/ul>\n<p>[googlemaps https:\/\/maps.google.es\/maps?f=q&amp;source=s_q&amp;hl=ca&amp;geocode=&amp;q=La+Conreria,+Tiana&amp;aq=1&amp;oq=la+conrer&amp;sll=41.692248,1.745867&amp;sspn=3.621672,4.938354&amp;ie=UTF8&amp;hq=La+Conreria,&amp;hnear=Tiana,+Barcelona,+Catalunya&amp;t=m&amp;cid=8481634787265448643&amp;ll=41.477718,2.26696&amp;spn=0.011253,0.018239&amp;z=15&amp;output=embed&amp;w=425&amp;h=350]<\/p>\n","protected":false},"excerpt":{"rendered":"<p>PRESENTACI\u00d3\u00a0<br \/>\nL\u2019Escola de M\u00fasics i L\u2019Escola de M\u00fasica JPC\u00a0 us convida a venir a les col\u00f2nies musicals de cada any, tres dies d\u2019intens treball musical mitjan\u00e7ant diferents tallers musicals: Rodes d\u2019instruments: percussi\u00f3, vent, corda i piano, grups instrumentals, big band, orquestres de guitarres, cant coral, sensibilitzaci\u00f3&hellip;  <a href=\"https:\/\/agora.xtec.cat\/escolademusicsijpc\/audicions-alumnes\/colonies-musicals-2014\/\" title=\"Read Col\u00f2nies Musicals 2014\u00b7\u201cGREASE LIGHT L\u2019EM\u201dEl Musical\">Llegeix m\u00e9s\u00bb<\/a><\/p>\n","protected":false},"author":1,"featured_media":3115,"comment_status":"open","ping_status":"open","sticky":false,"template":"","format":"standard","meta":{"_bbp_topic_count":0,"_bbp_reply_count":0,"_bbp_total_topic_count":0,"_bbp_total_reply_count":0,"_bbp_voice_count":0,"_bbp_anonymous_reply_count":0,"_bbp_topic_count_hidden":0,"_bbp_reply_count_hidden":0,"_bbp_forum_subforum_count":0,"footnotes":""},"categories":[59],"tags":[],"class_list":["post-3113","post","type-post","status-publish","format-standard","has-post-thumbnail","hentry","category-audicions-alumnes"],"post_mailing_queue_ids":[],"_links":{"self":[{"href":"https:\/\/agora.xtec.cat\/escolademusicsijpc\/wp-json\/wp\/v2\/posts\/3113","targetHints":{"allow":["GET"]}}],"collection":[{"href":"https:\/\/agora.xtec.cat\/escolademusicsijpc\/wp-json\/wp\/v2\/posts"}],"about":[{"href":"https:\/\/agora.xtec.cat\/escolademusicsijpc\/wp-json\/wp\/v2\/types\/post"}],"author":[{"embeddable":true,"href":"https:\/\/agora.xtec.cat\/escolademusicsijpc\/wp-json\/wp\/v2\/users\/1"}],"replies":[{"embeddable":true,"href":"https:\/\/agora.xtec.cat\/escolademusicsijpc\/wp-json\/wp\/v2\/comments?post=3113"}],"version-history":[{"count":2,"href":"https:\/\/agora.xtec.cat\/escolademusicsijpc\/wp-json\/wp\/v2\/posts\/3113\/revisions"}],"predecessor-version":[{"id":4709,"href":"https:\/\/agora.xtec.cat\/escolademusicsijpc\/wp-json\/wp\/v2\/posts\/3113\/revisions\/4709"}],"wp:featuredmedia":[{"embeddable":true,"href":"https:\/\/agora.xtec.cat\/escolademusicsijpc\/wp-json\/wp\/v2\/media\/3115"}],"wp:attachment":[{"href":"https:\/\/agora.xtec.cat\/escolademusicsijpc\/wp-json\/wp\/v2\/media?parent=3113"}],"wp:term":[{"taxonomy":"category","embeddable":true,"href":"https:\/\/agora.xtec.cat\/escolademusicsijpc\/wp-json\/wp\/v2\/categories?post=3113"},{"taxonomy":"post_tag","embeddable":true,"href":"https:\/\/agora.xtec.cat\/escolademusicsijpc\/wp-json\/wp\/v2\/tags?post=3113"}],"curies":[{"name":"wp","href":"https:\/\/api.w.org\/{rel}","templated":true}]}}