{"id":3072,"date":"2014-01-27T21:09:29","date_gmt":"2014-01-27T20:09:29","guid":{"rendered":"http:\/\/lescolademusicsijpc.wordpress.com\/?p=3072"},"modified":"2016-02-09T18:43:06","modified_gmt":"2016-02-09T17:43:06","slug":"concert-coral-a-lonce-festes-sant-antoni","status":"publish","type":"post","link":"https:\/\/agora.xtec.cat\/escolademusicsijpc\/corals\/concert-coral-a-lonce-festes-sant-antoni\/","title":{"rendered":"Concert Coral a L&#8217;ONCE Festes Sant Antoni"},"content":{"rendered":"<figure class=\"figure wp-caption alignright\"><img loading=\"lazy\" decoding=\"async\" class=\"size-full wp-image-3074\" src=\"http:\/\/agora.xtec.cat\/escolademusicsijpc\/wp-content\/uploads\/usu459\/2014\/01\/img_3793.gif\" alt=\"IMG_3793\" width=\"200\" height=\"149\" \/><figcaption class=\"wp-caption-text\">La Coral Rub\u00e9n Dar\u00edo direcci\u00f3 de Yolanda Mallofr\u00e9 i piano Dami\u00e0 Riera<\/figcaption><\/figure>\n<p>Aquesta setmana passada van ser les festes de Sant Antoni. En aquestes festes cada any participen molts grups musicals de diferents estils i en diferents \u00e0mbits i racons del barri. Aquest any han tingut la gentilesa de convidar-nos a participar en una d\u2019aquestes actuacions.<\/p>\n<p>Per aquest motiu dos de les nostres corals que participen dins el projecte creat per L\u2019Escola de M\u00fasics i JPC, \u201cEls Cors de Ciutat Vella\u201d, van cantar en la I Trobada Infantil de les Festes de Sant Antoni que es va realitzar en l\u2019Auditori de l\u2019ONCE.<\/p>\n<div>\n<figure class=\"figure wp-caption alignleft\"><img loading=\"lazy\" decoding=\"async\" class=\"size-full wp-image-3077\" src=\"http:\/\/agora.xtec.cat\/escolademusicsijpc\/wp-content\/uploads\/usu459\/2014\/01\/img_3797.gif\" alt=\"La Coral Castella direcci\u00f3 de Yolanda Mallofr\u00e9 i piano Dami\u00e0 Riera\" width=\"200\" height=\"149\" \/><figcaption class=\"wp-caption-text\">La Coral Castella direcci\u00f3 de Yolanda Mallofr\u00e9 i piano Dami\u00e0 Riera<\/figcaption><\/figure>\n<figure class=\"figure wp-caption alignleft\"><img loading=\"lazy\" decoding=\"async\" class=\"size-full wp-image-3081\" src=\"http:\/\/agora.xtec.cat\/escolademusicsijpc\/wp-content\/uploads\/usu459\/2014\/01\/img_3808.gif\" alt=\"I per finalitzar totes les corals juntes van fer un cant com\u00fa amb el tema Volem Viure\" width=\"200\" height=\"149\" \/><figcaption class=\"wp-caption-text\">I per finalitzar totes les corals juntes van fer un cant com\u00fa amb el tema Volem Viure<\/figcaption><\/figure>\n<\/div>\n","protected":false},"excerpt":{"rendered":"<p>La Coral Rub\u00e9n Dar\u00edo direcci\u00f3 de Yolanda Mallofr\u00e9 i piano Dami\u00e0 Riera<br \/>\nAquesta setmana passada van ser les festes de Sant Antoni. En aquestes festes cada any participen molts grups musicals de diferents estils i en diferents \u00e0mbits i racons del barri. Aquest any han tingut&hellip;  <a href=\"https:\/\/agora.xtec.cat\/escolademusicsijpc\/corals\/concert-coral-a-lonce-festes-sant-antoni\/\" title=\"Read Concert Coral a L&#8217;ONCE Festes Sant Antoni\">Llegeix m\u00e9s\u00bb<\/a><\/p>\n","protected":false},"author":1,"featured_media":3081,"comment_status":"open","ping_status":"open","sticky":false,"template":"","format":"standard","meta":{"_bbp_topic_count":0,"_bbp_reply_count":0,"_bbp_total_topic_count":0,"_bbp_total_reply_count":0,"_bbp_voice_count":0,"_bbp_anonymous_reply_count":0,"_bbp_topic_count_hidden":0,"_bbp_reply_count_hidden":0,"_bbp_forum_subforum_count":0,"footnotes":""},"categories":[66],"tags":[],"class_list":["post-3072","post","type-post","status-publish","format-standard","has-post-thumbnail","hentry","category-corals"],"post_mailing_queue_ids":[],"_links":{"self":[{"href":"https:\/\/agora.xtec.cat\/escolademusicsijpc\/wp-json\/wp\/v2\/posts\/3072","targetHints":{"allow":["GET"]}}],"collection":[{"href":"https:\/\/agora.xtec.cat\/escolademusicsijpc\/wp-json\/wp\/v2\/posts"}],"about":[{"href":"https:\/\/agora.xtec.cat\/escolademusicsijpc\/wp-json\/wp\/v2\/types\/post"}],"author":[{"embeddable":true,"href":"https:\/\/agora.xtec.cat\/escolademusicsijpc\/wp-json\/wp\/v2\/users\/1"}],"replies":[{"embeddable":true,"href":"https:\/\/agora.xtec.cat\/escolademusicsijpc\/wp-json\/wp\/v2\/comments?post=3072"}],"version-history":[{"count":3,"href":"https:\/\/agora.xtec.cat\/escolademusicsijpc\/wp-json\/wp\/v2\/posts\/3072\/revisions"}],"predecessor-version":[{"id":5298,"href":"https:\/\/agora.xtec.cat\/escolademusicsijpc\/wp-json\/wp\/v2\/posts\/3072\/revisions\/5298"}],"wp:featuredmedia":[{"embeddable":true,"href":"https:\/\/agora.xtec.cat\/escolademusicsijpc\/wp-json\/wp\/v2\/media\/3081"}],"wp:attachment":[{"href":"https:\/\/agora.xtec.cat\/escolademusicsijpc\/wp-json\/wp\/v2\/media?parent=3072"}],"wp:term":[{"taxonomy":"category","embeddable":true,"href":"https:\/\/agora.xtec.cat\/escolademusicsijpc\/wp-json\/wp\/v2\/categories?post=3072"},{"taxonomy":"post_tag","embeddable":true,"href":"https:\/\/agora.xtec.cat\/escolademusicsijpc\/wp-json\/wp\/v2\/tags?post=3072"}],"curies":[{"name":"wp","href":"https:\/\/api.w.org\/{rel}","templated":true}]}}