{"id":3036,"date":"2014-01-15T17:35:56","date_gmt":"2014-01-15T16:35:56","guid":{"rendered":"http:\/\/lescolademusicsijpc.wordpress.com\/?p=3036"},"modified":"2016-02-10T17:31:24","modified_gmt":"2016-02-10T16:31:24","slug":"master-classe-tecnica-dafinacio-2","status":"publish","type":"post","link":"https:\/\/agora.xtec.cat\/escolademusicsijpc\/master-classes\/master-classe-tecnica-dafinacio-2\/","title":{"rendered":"M\u00e0ster classe; t\u00e8cnica d\u2019afinaci\u00f3."},"content":{"rendered":"<p><img loading=\"lazy\" decoding=\"async\" class=\"alignright size-full wp-image-3053\" src=\"http:\/\/agora.xtec.cat\/escolademusicsijpc\/wp-content\/uploads\/usu459\/2014\/01\/gemma1.gif\" alt=\"gemma\" width=\"141\" height=\"200\" \/>La nostra professora Gemma Godall ens presenta una classe magistral de T\u00e8cnica d\u2019Afinaci\u00f3.<\/p>\n<p>\u201cDescobreix com \u00e9s un piano per dins i apr\u00e8n les nocions b\u00e0siques pel seu bon funcionament\u201d<\/p>\n<ul>\n<li>Dissabte 25 de Gener 2014 al Carrer del Carme n\u00ba15 de 16h a 18h.<\/li>\n<li>Inscripcions gratu\u00eftes a secretaria.<\/li>\n<li>Obert a tots els alumnes, pares, mares i mestres de l&#8217;escola.<\/li>\n<li>Data l\u00edmit d\u2019inscripci\u00f3 24 de gener.<\/li>\n<li>Places limitades.<\/li>\n<li>Totes les edats.<\/li>\n<\/ul>\n","protected":false},"excerpt":{"rendered":"<p>La nostra professora Gemma Godall ens presenta una classe magistral de T\u00e8cnica d\u2019Afinaci\u00f3.<br \/>\n\u201cDescobreix com \u00e9s un piano per dins i apr\u00e8n les nocions b\u00e0siques pel seu bon funcionament\u201d<\/p>\n<ul>\n<li>Dissabte 25 de Gener 2014 al Carrer del Carme n\u00ba15 de 16h a 18h.<\/li>\n<li>Inscripcions gratu\u00eftes a secretaria.<\/li>\n<li>Obert a&hellip;  <a href=\"https:\/\/agora.xtec.cat\/escolademusicsijpc\/master-classes\/master-classe-tecnica-dafinacio-2\/\" title=\"Read M\u00e0ster classe; t\u00e8cnica d\u2019afinaci\u00f3.\">Llegeix m\u00e9s\u00bb<\/a><br \/>\n","protected":false},"author":1,"featured_media":3053,"comment_status":"open","ping_status":"open","sticky":false,"template":"","format":"standard","meta":{"_bbp_topic_count":0,"_bbp_reply_count":0,"_bbp_total_topic_count":0,"_bbp_total_reply_count":0,"_bbp_voice_count":0,"_bbp_anonymous_reply_count":0,"_bbp_topic_count_hidden":0,"_bbp_reply_count_hidden":0,"_bbp_forum_subforum_count":0,"footnotes":""},"categories":[69],"tags":[],"class_list":["post-3036","post","type-post","status-publish","format-standard","has-post-thumbnail","hentry","category-master-classes"],"post_mailing_queue_ids":[],"_links":{"self":[{"href":"https:\/\/agora.xtec.cat\/escolademusicsijpc\/wp-json\/wp\/v2\/posts\/3036","targetHints":{"allow":["GET"]}}],"collection":[{"href":"https:\/\/agora.xtec.cat\/escolademusicsijpc\/wp-json\/wp\/v2\/posts"}],"about":[{"href":"https:\/\/agora.xtec.cat\/escolademusicsijpc\/wp-json\/wp\/v2\/types\/post"}],"author":[{"embeddable":true,"href":"https:\/\/agora.xtec.cat\/escolademusicsijpc\/wp-json\/wp\/v2\/users\/1"}],"replies":[{"embeddable":true,"href":"https:\/\/agora.xtec.cat\/escolademusicsijpc\/wp-json\/wp\/v2\/comments?post=3036"}],"version-history":[{"count":2,"href":"https:\/\/agora.xtec.cat\/escolademusicsijpc\/wp-json\/wp\/v2\/posts\/3036\/revisions"}],"predecessor-version":[{"id":5354,"href":"https:\/\/agora.xtec.cat\/escolademusicsijpc\/wp-json\/wp\/v2\/posts\/3036\/revisions\/5354"}],"wp:featuredmedia":[{"embeddable":true,"href":"https:\/\/agora.xtec.cat\/escolademusicsijpc\/wp-json\/wp\/v2\/media\/3053"}],"wp:attachment":[{"href":"https:\/\/agora.xtec.cat\/escolademusicsijpc\/wp-json\/wp\/v2\/media?parent=3036"}],"wp:term":[{"taxonomy":"category","embeddable":true,"href":"https:\/\/agora.xtec.cat\/escolademusicsijpc\/wp-json\/wp\/v2\/categories?post=3036"},{"taxonomy":"post_tag","embeddable":true,"href":"https:\/\/agora.xtec.cat\/escolademusicsijpc\/wp-json\/wp\/v2\/tags?post=3036"}],"curies":[{"name":"wp","href":"https:\/\/api.w.org\/{rel}","templated":true}]}}