{"id":3010,"date":"2013-12-16T14:07:24","date_gmt":"2013-12-16T13:07:24","guid":{"rendered":"http:\/\/lescolademusicsijpc.wordpress.com\/?p=3010"},"modified":"2016-02-01T19:50:35","modified_gmt":"2016-02-01T18:50:35","slug":"el-butlleti-no22","status":"publish","type":"post","link":"https:\/\/agora.xtec.cat\/escolademusicsijpc\/general\/el-butlleti-no22\/","title":{"rendered":"El Butllet\u00ed n\u00ba22"},"content":{"rendered":"<p><a href=\"http:\/\/issuu.com\/lescolademusicsjpc\/docs\/butlleti22b\"><img loading=\"lazy\" decoding=\"async\" class=\"alignright size-full wp-image-3008\" title=\"butllet\u00ed n\u00ba22\" src=\"http:\/\/agora.xtec.cat\/escolademusicsijpc\/wp-content\/uploads\/usu459\/2013\/12\/butlleti22.gif\" alt=\"butlleti n\u00ba22\" width=\"143\" height=\"200\" \/><\/a>Ja us podeu baixar el Butllet\u00ed a color i veure els preciosos dibuixos dels nostres alumnes que han participat en el concurs de dibuix amb el tema &#8220;la can\u00e7\u00f3 del Trineu&#8221;.<\/p>\n<p>Tamb\u00e9 hi trobareu els reportatges de les batucades de joves i grans, Pitch Perfect, una introducci\u00f3 a la t\u00e8cnica l&#8217;afinaci\u00f3 de piano, el &#8220;fins aviat&#8221; de la M\u00aaTeresa Porta i els m\u00e9s petits de l&#8217;escola.<\/p>\n<p>Cliqueu al seg\u00fcent enlla\u00e7:<\/p>\n<p><a href=\"http:\/\/issuu.com\/lescolademusicsjpc\/docs\/butlleti22b\" target=\"_blank\">http:\/\/issuu.com\/lescolademusicsjpc\/docs\/butlleti22b<\/a><\/p>\n","protected":false},"excerpt":{"rendered":"<p><a href=\"http:\/\/issuu.com\/lescolademusicsjpc\/docs\/butlleti22b\"><\/a>Ja us podeu baixar el Butllet\u00ed a color i veure els preciosos dibuixos dels nostres alumnes que han participat en el concurs de dibuix amb el tema &#8220;la can\u00e7\u00f3 del Trineu&#8221;.<br \/>\nTamb\u00e9 hi trobareu els reportatges de les batucades de joves i grans, Pitch Perfect,&hellip;  <a href=\"https:\/\/agora.xtec.cat\/escolademusicsijpc\/general\/el-butlleti-no22\/\" title=\"Read El Butllet\u00ed n\u00ba22\">Llegeix m\u00e9s\u00bb<\/a><\/p>\n","protected":false},"author":1,"featured_media":3008,"comment_status":"open","ping_status":"open","sticky":false,"template":"","format":"standard","meta":{"_bbp_topic_count":0,"_bbp_reply_count":0,"_bbp_total_topic_count":0,"_bbp_total_reply_count":0,"_bbp_voice_count":0,"_bbp_anonymous_reply_count":0,"_bbp_topic_count_hidden":0,"_bbp_reply_count_hidden":0,"_bbp_forum_subforum_count":0,"footnotes":""},"categories":[1],"tags":[],"class_list":["post-3010","post","type-post","status-publish","format-standard","has-post-thumbnail","hentry","category-general"],"post_mailing_queue_ids":[],"_links":{"self":[{"href":"https:\/\/agora.xtec.cat\/escolademusicsijpc\/wp-json\/wp\/v2\/posts\/3010","targetHints":{"allow":["GET"]}}],"collection":[{"href":"https:\/\/agora.xtec.cat\/escolademusicsijpc\/wp-json\/wp\/v2\/posts"}],"about":[{"href":"https:\/\/agora.xtec.cat\/escolademusicsijpc\/wp-json\/wp\/v2\/types\/post"}],"author":[{"embeddable":true,"href":"https:\/\/agora.xtec.cat\/escolademusicsijpc\/wp-json\/wp\/v2\/users\/1"}],"replies":[{"embeddable":true,"href":"https:\/\/agora.xtec.cat\/escolademusicsijpc\/wp-json\/wp\/v2\/comments?post=3010"}],"version-history":[{"count":2,"href":"https:\/\/agora.xtec.cat\/escolademusicsijpc\/wp-json\/wp\/v2\/posts\/3010\/revisions"}],"predecessor-version":[{"id":4985,"href":"https:\/\/agora.xtec.cat\/escolademusicsijpc\/wp-json\/wp\/v2\/posts\/3010\/revisions\/4985"}],"wp:featuredmedia":[{"embeddable":true,"href":"https:\/\/agora.xtec.cat\/escolademusicsijpc\/wp-json\/wp\/v2\/media\/3008"}],"wp:attachment":[{"href":"https:\/\/agora.xtec.cat\/escolademusicsijpc\/wp-json\/wp\/v2\/media?parent=3010"}],"wp:term":[{"taxonomy":"category","embeddable":true,"href":"https:\/\/agora.xtec.cat\/escolademusicsijpc\/wp-json\/wp\/v2\/categories?post=3010"},{"taxonomy":"post_tag","embeddable":true,"href":"https:\/\/agora.xtec.cat\/escolademusicsijpc\/wp-json\/wp\/v2\/tags?post=3010"}],"curies":[{"name":"wp","href":"https:\/\/api.w.org\/{rel}","templated":true}]}}