{"id":2987,"date":"2013-12-10T16:33:01","date_gmt":"2013-12-10T15:33:01","guid":{"rendered":"http:\/\/lescolademusicsijpc.wordpress.com\/?p=2987"},"modified":"2016-01-27T18:38:19","modified_gmt":"2016-01-27T17:38:19","slug":"audicions-de-nadal","status":"publish","type":"post","link":"https:\/\/agora.xtec.cat\/escolademusicsijpc\/audicions-alumnes\/audicions-de-nadal\/","title":{"rendered":"Audicions de Nadal"},"content":{"rendered":"<p><img loading=\"lazy\" decoding=\"async\" class=\"size-full wp-image-2988 alignright\" src=\"http:\/\/agora.xtec.cat\/escolademusicsijpc\/wp-content\/uploads\/usu459\/2013\/12\/audicions-nadalneu.gif\" alt=\"audicions de Nadal\" width=\"141\" height=\"200\" \/><\/p>\n<p>Com cada any els alumnes de l\u2019Escola de M\u00fasics i Escola de M\u00fasica JPC actuaran en espais cedits per diverses entitats del barri del Raval. Aquest ser\u00e0 el seg\u00fcent programa:<\/p>\n<p>Dimarts 17 desembre 17:30 Sensibilitzaci\u00f3, 18:30 Orq.Guitarres, 19:30 Grups Instrumentals, Pitch Perfect i Raval&#8217;s Petita a\u00a0l&#8217;Escola Collaso i Gil C\/Abat Safont n\u00ba12.<\/p>\n<p>Dimecres 18 desembre 17:30 Grups Instrumentals, 18:30 Corals petits, Orq.Elemental, 19:30 Grup Instrumental, Grups de Violoncels Petits, Joves i Adults, Orq.Adults, Ensemble de Vents i Coral d\u2019Aduts a l&#8217;Escola Collaso i Gil C\/Abat Safont n\u00ba12.<\/p>\n<p>Dijous 19 desembre 18:00 Cantada de Nadales de Corals, Llenguatges i Batucada pel barri. Comen\u00e7a al Palau de la Virreina C\/La Rambla n\u00ba99.<\/p>\n<p>Divendres 20 desembre 18:00 Combos i Jam Sessions. Centre C\u00edvic Drassanes C\/Nou de La Rambla n\u00ba43.<\/p>\n<p>Les audicions d\u2019instrument es faran al C\/Riera Alta n\u00ba10 del dilluns 16 al divendres 20 de desembre.<\/p>\n<p>Els horaris us els facilitaran els professors\/es.<\/p>\n","protected":false},"excerpt":{"rendered":"<p>Com cada any els alumnes de l\u2019Escola de M\u00fasics i Escola de M\u00fasica JPC actuaran en espais cedits per diverses entitats del barri del Raval. Aquest ser\u00e0 el seg\u00fcent programa:<br \/>\nDimarts 17 desembre 17:30 Sensibilitzaci\u00f3, 18:30 Orq.Guitarres, 19:30 Grups Instrumentals, Pitch Perfect i Raval&#8217;s Petita a\u00a0l&#8217;Escola&hellip;  <a href=\"https:\/\/agora.xtec.cat\/escolademusicsijpc\/audicions-alumnes\/audicions-de-nadal\/\" title=\"Read Audicions de Nadal\">Llegeix m\u00e9s\u00bb<\/a><\/p>\n","protected":false},"author":1,"featured_media":2988,"comment_status":"open","ping_status":"open","sticky":false,"template":"","format":"standard","meta":{"_bbp_topic_count":0,"_bbp_reply_count":0,"_bbp_total_topic_count":0,"_bbp_total_reply_count":0,"_bbp_voice_count":0,"_bbp_anonymous_reply_count":0,"_bbp_topic_count_hidden":0,"_bbp_reply_count_hidden":0,"_bbp_forum_subforum_count":0,"footnotes":""},"categories":[59,60,72],"tags":[],"class_list":["post-2987","post","type-post","status-publish","format-standard","has-post-thumbnail","hentry","category-audicions-alumnes","category-batucada","category-orquestra-de-guitarres"],"post_mailing_queue_ids":[],"_links":{"self":[{"href":"https:\/\/agora.xtec.cat\/escolademusicsijpc\/wp-json\/wp\/v2\/posts\/2987","targetHints":{"allow":["GET"]}}],"collection":[{"href":"https:\/\/agora.xtec.cat\/escolademusicsijpc\/wp-json\/wp\/v2\/posts"}],"about":[{"href":"https:\/\/agora.xtec.cat\/escolademusicsijpc\/wp-json\/wp\/v2\/types\/post"}],"author":[{"embeddable":true,"href":"https:\/\/agora.xtec.cat\/escolademusicsijpc\/wp-json\/wp\/v2\/users\/1"}],"replies":[{"embeddable":true,"href":"https:\/\/agora.xtec.cat\/escolademusicsijpc\/wp-json\/wp\/v2\/comments?post=2987"}],"version-history":[{"count":2,"href":"https:\/\/agora.xtec.cat\/escolademusicsijpc\/wp-json\/wp\/v2\/posts\/2987\/revisions"}],"predecessor-version":[{"id":4711,"href":"https:\/\/agora.xtec.cat\/escolademusicsijpc\/wp-json\/wp\/v2\/posts\/2987\/revisions\/4711"}],"wp:featuredmedia":[{"embeddable":true,"href":"https:\/\/agora.xtec.cat\/escolademusicsijpc\/wp-json\/wp\/v2\/media\/2988"}],"wp:attachment":[{"href":"https:\/\/agora.xtec.cat\/escolademusicsijpc\/wp-json\/wp\/v2\/media?parent=2987"}],"wp:term":[{"taxonomy":"category","embeddable":true,"href":"https:\/\/agora.xtec.cat\/escolademusicsijpc\/wp-json\/wp\/v2\/categories?post=2987"},{"taxonomy":"post_tag","embeddable":true,"href":"https:\/\/agora.xtec.cat\/escolademusicsijpc\/wp-json\/wp\/v2\/tags?post=2987"}],"curies":[{"name":"wp","href":"https:\/\/api.w.org\/{rel}","templated":true}]}}