{"id":2962,"date":"2013-10-29T16:35:45","date_gmt":"2013-10-29T15:35:45","guid":{"rendered":"http:\/\/lescolademusicsijpc.wordpress.com\/?p=2962"},"modified":"2016-01-28T17:01:37","modified_gmt":"2016-01-28T16:01:37","slug":"taller-de-batucada","status":"publish","type":"post","link":"https:\/\/agora.xtec.cat\/escolademusicsijpc\/grups\/batucada\/taller-de-batucada\/","title":{"rendered":"Taller de batucada"},"content":{"rendered":"<p>L&#8217;Escola de M\u00fasics dins del seu projecte T\u00e0ndem organitza el taller de batucada per a l&#8217;escola Labour\u00e9. Aquestes classes les imparteix el mestre Javier Crespo.<\/p>\n<div>Els nois i noies de primer d&#8217;ESO de Labour\u00e9 han incorporat aquesta activitat dintre de l&#8217;optativa Desperta&#8217;t fan batucada. En aquest cr\u00e8dit els alumnes a part d&#8217;alliberar energia, practiquen els ritmes, la coordinaci\u00f3, la const\u00e0ncia, l&#8217;esfor\u00e7, l&#8217;atenci\u00f3 i en definitiva el treball en equip i el gust per a la feina ben feta.<\/div>\n<div><img loading=\"lazy\" decoding=\"async\" class=\"alignleft size-full wp-image-2963\" src=\"http:\/\/agora.xtec.cat\/escolademusicsijpc\/wp-content\/uploads\/usu459\/2013\/10\/batucadatandem1.gif\" alt=\"batucadatandem1\" width=\"200\" height=\"150\" \/>\u00a0\u00a0<img loading=\"lazy\" decoding=\"async\" class=\"size-full wp-image-2964 alignleft\" src=\"http:\/\/agora.xtec.cat\/escolademusicsijpc\/wp-content\/uploads\/usu459\/2013\/10\/batucadatandem2.gif\" alt=\"batucadatandem2\" width=\"200\" height=\"150\" \/><\/div>\n<div><\/div>\n","protected":false},"excerpt":{"rendered":"<p>L&#8217;Escola de M\u00fasics dins del seu projecte T\u00e0ndem organitza el taller de batucada per a l&#8217;escola Labour\u00e9. Aquestes classes les imparteix el mestre Javier Crespo.<br \/>\nEls nois i noies de primer d&#8217;ESO de Labour\u00e9 han incorporat aquesta activitat dintre de l&#8217;optativa Desperta&#8217;t fan batucada. En aquest&hellip;  <a href=\"https:\/\/agora.xtec.cat\/escolademusicsijpc\/grups\/batucada\/taller-de-batucada\/\" title=\"Read Taller de batucada\">Llegeix m\u00e9s\u00bb<\/a><\/p>\n","protected":false},"author":1,"featured_media":2963,"comment_status":"open","ping_status":"open","sticky":false,"template":"","format":"standard","meta":{"_bbp_topic_count":0,"_bbp_reply_count":0,"_bbp_total_topic_count":0,"_bbp_total_reply_count":0,"_bbp_voice_count":0,"_bbp_anonymous_reply_count":0,"_bbp_topic_count_hidden":0,"_bbp_reply_count_hidden":0,"_bbp_forum_subforum_count":0,"footnotes":""},"categories":[60],"tags":[],"class_list":["post-2962","post","type-post","status-publish","format-standard","has-post-thumbnail","hentry","category-batucada"],"post_mailing_queue_ids":[],"_links":{"self":[{"href":"https:\/\/agora.xtec.cat\/escolademusicsijpc\/wp-json\/wp\/v2\/posts\/2962","targetHints":{"allow":["GET"]}}],"collection":[{"href":"https:\/\/agora.xtec.cat\/escolademusicsijpc\/wp-json\/wp\/v2\/posts"}],"about":[{"href":"https:\/\/agora.xtec.cat\/escolademusicsijpc\/wp-json\/wp\/v2\/types\/post"}],"author":[{"embeddable":true,"href":"https:\/\/agora.xtec.cat\/escolademusicsijpc\/wp-json\/wp\/v2\/users\/1"}],"replies":[{"embeddable":true,"href":"https:\/\/agora.xtec.cat\/escolademusicsijpc\/wp-json\/wp\/v2\/comments?post=2962"}],"version-history":[{"count":3,"href":"https:\/\/agora.xtec.cat\/escolademusicsijpc\/wp-json\/wp\/v2\/posts\/2962\/revisions"}],"predecessor-version":[{"id":4782,"href":"https:\/\/agora.xtec.cat\/escolademusicsijpc\/wp-json\/wp\/v2\/posts\/2962\/revisions\/4782"}],"wp:featuredmedia":[{"embeddable":true,"href":"https:\/\/agora.xtec.cat\/escolademusicsijpc\/wp-json\/wp\/v2\/media\/2963"}],"wp:attachment":[{"href":"https:\/\/agora.xtec.cat\/escolademusicsijpc\/wp-json\/wp\/v2\/media?parent=2962"}],"wp:term":[{"taxonomy":"category","embeddable":true,"href":"https:\/\/agora.xtec.cat\/escolademusicsijpc\/wp-json\/wp\/v2\/categories?post=2962"},{"taxonomy":"post_tag","embeddable":true,"href":"https:\/\/agora.xtec.cat\/escolademusicsijpc\/wp-json\/wp\/v2\/tags?post=2962"}],"curies":[{"name":"wp","href":"https:\/\/api.w.org\/{rel}","templated":true}]}}