{"id":2958,"date":"2013-10-28T19:54:27","date_gmt":"2013-10-28T18:54:27","guid":{"rendered":"http:\/\/lescolademusicsijpc.wordpress.com\/?p=2958"},"modified":"2016-02-29T20:32:26","modified_gmt":"2016-02-29T19:32:26","slug":"ravals-band-2","status":"publish","type":"post","link":"https:\/\/agora.xtec.cat\/escolademusicsijpc\/grups\/ravals-band\/ravals-band-2\/","title":{"rendered":"Raval&#8217;s Band"},"content":{"rendered":"<p>&nbsp;<\/p>\n<figure class=\"figure wp-caption alignright\"><img loading=\"lazy\" decoding=\"async\" class=\"size-full wp-image-2959\" src=\"http:\/\/agora.xtec.cat\/escolademusicsijpc\/wp-content\/uploads\/usu459\/2013\/10\/ravalsprova.gif\" alt=\"prova de clarinet\" width=\"200\" height=\"150\" \/><figcaption class=\"wp-caption-text\">prova de clarinet<\/figcaption><\/figure>\n<p>Dissabte 26 d&#8217;octubre es van dur a terme les proves de la Raval&#8217;s Band.<\/p>\n<div>Tots els candidats a entrar a la Raval&#8217;s van interpretar un parell d&#8217;obres i una lectura a vista davant del director de la banda, Bartolom\u00e9 Garc\u00eda Plata i dels directors de L&#8217;Escola\u00a0de M\u00fasics, Oriol Salam\u00ed i Jordi Farr\u00e9s. Aquest any es van presentar 45 aspirants i els resultats es podran saber a finals d&#8217;aquesta setmana.<\/div>\n","protected":false},"excerpt":{"rendered":"<p>&nbsp;<br \/>\nprova de clarinet<br \/>\nDissabte 26 d&#8217;octubre es van dur a terme les proves de la Raval&#8217;s Band.<br \/>\nTots els candidats a entrar a la Raval&#8217;s van interpretar un parell d&#8217;obres i una lectura a vista davant del director de la banda, Bartolom\u00e9 Garc\u00eda Plata i dels directors&hellip;  <a href=\"https:\/\/agora.xtec.cat\/escolademusicsijpc\/grups\/ravals-band\/ravals-band-2\/\" title=\"Read Raval&#8217;s Band\">Llegeix m\u00e9s\u00bb<\/a><\/p>\n","protected":false},"author":1,"featured_media":2959,"comment_status":"open","ping_status":"open","sticky":false,"template":"","format":"standard","meta":{"_bbp_topic_count":0,"_bbp_reply_count":0,"_bbp_total_topic_count":0,"_bbp_total_reply_count":0,"_bbp_voice_count":0,"_bbp_anonymous_reply_count":0,"_bbp_topic_count_hidden":0,"_bbp_reply_count_hidden":0,"_bbp_forum_subforum_count":0,"footnotes":""},"categories":[75,104],"tags":[],"class_list":["post-2958","post","type-post","status-publish","format-standard","has-post-thumbnail","hentry","category-ravals-band","category-uncategorized"],"post_mailing_queue_ids":[],"_links":{"self":[{"href":"https:\/\/agora.xtec.cat\/escolademusicsijpc\/wp-json\/wp\/v2\/posts\/2958","targetHints":{"allow":["GET"]}}],"collection":[{"href":"https:\/\/agora.xtec.cat\/escolademusicsijpc\/wp-json\/wp\/v2\/posts"}],"about":[{"href":"https:\/\/agora.xtec.cat\/escolademusicsijpc\/wp-json\/wp\/v2\/types\/post"}],"author":[{"embeddable":true,"href":"https:\/\/agora.xtec.cat\/escolademusicsijpc\/wp-json\/wp\/v2\/users\/1"}],"replies":[{"embeddable":true,"href":"https:\/\/agora.xtec.cat\/escolademusicsijpc\/wp-json\/wp\/v2\/comments?post=2958"}],"version-history":[{"count":2,"href":"https:\/\/agora.xtec.cat\/escolademusicsijpc\/wp-json\/wp\/v2\/posts\/2958\/revisions"}],"predecessor-version":[{"id":5485,"href":"https:\/\/agora.xtec.cat\/escolademusicsijpc\/wp-json\/wp\/v2\/posts\/2958\/revisions\/5485"}],"wp:featuredmedia":[{"embeddable":true,"href":"https:\/\/agora.xtec.cat\/escolademusicsijpc\/wp-json\/wp\/v2\/media\/2959"}],"wp:attachment":[{"href":"https:\/\/agora.xtec.cat\/escolademusicsijpc\/wp-json\/wp\/v2\/media?parent=2958"}],"wp:term":[{"taxonomy":"category","embeddable":true,"href":"https:\/\/agora.xtec.cat\/escolademusicsijpc\/wp-json\/wp\/v2\/categories?post=2958"},{"taxonomy":"post_tag","embeddable":true,"href":"https:\/\/agora.xtec.cat\/escolademusicsijpc\/wp-json\/wp\/v2\/tags?post=2958"}],"curies":[{"name":"wp","href":"https:\/\/api.w.org\/{rel}","templated":true}]}}