{"id":2780,"date":"2013-10-22T16:11:29","date_gmt":"2013-10-22T15:11:29","guid":{"rendered":"http:\/\/lescolademusicsijpc.wordpress.com\/?p=2780"},"modified":"2016-02-10T21:08:49","modified_gmt":"2016-02-10T20:08:49","slug":"2780","status":"publish","type":"post","link":"https:\/\/agora.xtec.cat\/escolademusicsijpc\/premsa\/2780\/","title":{"rendered":"Escoles T\u00e0ndem"},"content":{"rendered":"<figure class=\"figure wp-caption alignright\"><a href=\"http:\/\/www.escolestandem.com\/escola-laboure-fundacio-tot-raval-escola-de-musics-i-jpc\/el-projecte\/\"><img loading=\"lazy\" decoding=\"async\" class=\"size-thumbnail wp-image-2887 \" src=\"http:\/\/agora.xtec.cat\/escolademusicsijpc\/wp-content\/uploads\/usu459\/2013\/10\/logo-escoles-tandem-2013_ok-01.gif?w=150\" alt=\"escoles t\u00e0ndem\" width=\"150\" height=\"105\" \/><\/a><figcaption class=\"wp-caption-text\">escoles t\u00e0ndem<\/figcaption><\/figure>\n<p style=\"text-align: left;\" align=\"center\">El passat 8 d&#8217;octubre vam assistir a la tercera firma de les escoles T\u00e0ndem a l&#8217;edifici de la Pedrera representant la nostra escola que ja \u00e9s el segon any que participa activament en aquest projecte.<\/p>\n<p style=\"text-align: left;\" align=\"center\">Escoles T\u00e0ndem \u00e9s un projecte educatiu innovador impulsat per la Fundaci\u00f3 Catalunya La Pedrera en qu\u00e8 centres educatius, a trav\u00e9s del partenariat amb institucions de refer\u00e8ncia del pa\u00eds, treballen conjuntament amb l\u2019objectiu de fomentar l\u2019\u00e8xit educatiu. Aquest projecte es basa en l\u2019especialitzaci\u00f3 curricular d\u2019aquest centres en una mat\u00e8ria singular (m\u00fasica, ci\u00e8ncies, audiovisuals\u2026).<\/p>\n<p style=\"text-align: left;\" align=\"center\">En el projecte T\u00e0ndem Escola Labour\u00e9 + Fundaci\u00f3 Tot Raval + Escola de M\u00fasics i JPC, l\u2019escola s\u2019especialitzar\u00e0 en les arts musicals i esc\u00e8niques.<\/p>\n<p style=\"text-align: left;\" align=\"center\">Si voleu llegir el projecte us adjuntem l\u2019enlla\u00e7:<\/p>\n<p style=\"text-align: center;\"><a href=\"http:\/\/issuu.com\/lescolademusicsjpc\/docs\/projecte_pedagogic_inicial_escola_l\"><img loading=\"lazy\" decoding=\"async\" class=\"aligncenter\" src=\"http:\/\/agora.xtec.cat\/escolademusicsijpc\/wp-content\/uploads\/usu459\/2013\/10\/projecte_pedagogic_inicial_escola_laboure1-1.gif\" alt=\"Projecte\" width=\"106\" height=\"150\" \/><\/a><\/p>\n<p style=\"text-align: left;\" align=\"center\">Si voleu saber-ne m\u00e9s us adjuntem l&#8217;enlla\u00e7 de la web Escoles Tandem:<\/p>\n<p style=\"text-align: left;\" align=\"center\"><a href=\"http:\/\/www.escolestandem.com\/escola-laboure-fundacio-tot-raval-escola-de-musics-i-jpc\/el-projecte\/\" target=\"_blank\">http:\/\/www.escolestandem.com\/escola-laboure-fundacio-tot-raval-escola-de-musics-i-jpc\/el-projecte\/<\/a><\/p>\n<p style=\"text-align: left;\" align=\"center\">La firma del conveni de l&#8217;Escola de M\u00fasics, Escola Labour\u00e9 i Fundaci\u00f3 Tot Raval es va fer el 17 d&#8217;abril de 2012 a la Sala Gaud\u00ed de La Pedrera:<\/p>\n<p>[youtube=http:\/\/www.youtube.com\/watch?v=ca5WiSBLqUk&amp;w=560&amp;h=315]<\/p>\n<p>El primer concert que es va fer amb T\u00e0ndem va ser per Nadal de 2012, on L&#8217;Escola de M\u00fasics va ajudar a fer els arranjaments de les can\u00e7ons i va aportar els m\u00fasics en directe per qu\u00e8 el concert fos m\u00e9s bonic:<\/p>\n<p>[youtube=http:\/\/www.youtube.com\/watch?v=m8R55HPZ2m8&amp;w=560&amp;h=315]<\/p>\n<figure class=\"figure wp-caption alignleft\"><img loading=\"lazy\" decoding=\"async\" class=\"size-thumbnail wp-image-2904 \" src=\"http:\/\/agora.xtec.cat\/escolademusicsijpc\/wp-content\/uploads\/usu459\/2013\/10\/escolestandem_2.gif?w=150\" alt=\"escoles t\u00e0ndem\" width=\"150\" height=\"106\" \/><figcaption class=\"wp-caption-text\">escoles t\u00e0ndem<\/figcaption><\/figure>\n<figure class=\"figure wp-caption alignleft\"><a href=\"http:\/\/www.escola-laboure.com\/\"><img loading=\"lazy\" decoding=\"async\" class=\"size-thumbnail wp-image-2777 \" src=\"http:\/\/agora.xtec.cat\/escolademusicsijpc\/wp-content\/uploads\/usu459\/2013\/10\/escola-laboure.jpg?w=150\" alt=\"Escola Labour\u00e9\" width=\"150\" height=\"125\" \/><\/a><figcaption class=\"wp-caption-text\">Escola Labour\u00e9<\/figcaption><\/figure>\n<figure class=\"figure wp-caption alignleft\"><a href=\"http:\/\/totraval.org\/\"><img loading=\"lazy\" decoding=\"async\" class=\"size-full wp-image-2778 \" src=\"http:\/\/agora.xtec.cat\/escolademusicsijpc\/wp-content\/uploads\/usu459\/2013\/10\/tot-raval.gif\" alt=\"Tot Raval\" width=\"89\" height=\"150\" \/><\/a><figcaption class=\"wp-caption-text\">Tot Raval<\/figcaption><\/figure>\n<figure class=\"figure wp-caption alignleft\"><img loading=\"lazy\" decoding=\"async\" class=\"size-thumbnail wp-image-2776\" src=\"http:\/\/agora.xtec.cat\/escolademusicsijpc\/wp-content\/uploads\/usu459\/2013\/10\/captura-de-pantalla-2013-03-22-a-las-12_27_36.gif?w=150\" alt=\"Escola de M\u00fasics i JPC\" width=\"150\" height=\"64\" \/><figcaption class=\"wp-caption-text\">Escola de M\u00fasics i JPC<\/figcaption><\/figure>\n<p>&nbsp;<\/p>\n","protected":false},"excerpt":{"rendered":"<p><a href=\"http:\/\/www.escolestandem.com\/escola-laboure-fundacio-tot-raval-escola-de-musics-i-jpc\/el-projecte\/\"><\/a>escoles t\u00e0ndem<br \/>\nEl passat 8 d&#8217;octubre vam assistir a la tercera firma de les escoles T\u00e0ndem a l&#8217;edifici de la Pedrera representant la nostra escola que ja \u00e9s el segon any que participa activament en aquest projecte.<br \/>\nEscoles T\u00e0ndem \u00e9s un projecte educatiu innovador impulsat per&hellip;  <a href=\"https:\/\/agora.xtec.cat\/escolademusicsijpc\/premsa\/2780\/\" title=\"Read Escoles T\u00e0ndem\">Llegeix m\u00e9s\u00bb<\/a><\/p>\n","protected":false},"author":1,"featured_media":2887,"comment_status":"open","ping_status":"open","sticky":false,"template":"","format":"standard","meta":{"_bbp_topic_count":0,"_bbp_reply_count":0,"_bbp_total_topic_count":0,"_bbp_total_reply_count":0,"_bbp_voice_count":0,"_bbp_anonymous_reply_count":0,"_bbp_topic_count_hidden":0,"_bbp_reply_count_hidden":0,"_bbp_forum_subforum_count":0,"footnotes":""},"categories":[73],"tags":[],"class_list":["post-2780","post","type-post","status-publish","format-standard","has-post-thumbnail","hentry","category-premsa"],"post_mailing_queue_ids":[],"_links":{"self":[{"href":"https:\/\/agora.xtec.cat\/escolademusicsijpc\/wp-json\/wp\/v2\/posts\/2780","targetHints":{"allow":["GET"]}}],"collection":[{"href":"https:\/\/agora.xtec.cat\/escolademusicsijpc\/wp-json\/wp\/v2\/posts"}],"about":[{"href":"https:\/\/agora.xtec.cat\/escolademusicsijpc\/wp-json\/wp\/v2\/types\/post"}],"author":[{"embeddable":true,"href":"https:\/\/agora.xtec.cat\/escolademusicsijpc\/wp-json\/wp\/v2\/users\/1"}],"replies":[{"embeddable":true,"href":"https:\/\/agora.xtec.cat\/escolademusicsijpc\/wp-json\/wp\/v2\/comments?post=2780"}],"version-history":[{"count":2,"href":"https:\/\/agora.xtec.cat\/escolademusicsijpc\/wp-json\/wp\/v2\/posts\/2780\/revisions"}],"predecessor-version":[{"id":5401,"href":"https:\/\/agora.xtec.cat\/escolademusicsijpc\/wp-json\/wp\/v2\/posts\/2780\/revisions\/5401"}],"wp:featuredmedia":[{"embeddable":true,"href":"https:\/\/agora.xtec.cat\/escolademusicsijpc\/wp-json\/wp\/v2\/media\/2887"}],"wp:attachment":[{"href":"https:\/\/agora.xtec.cat\/escolademusicsijpc\/wp-json\/wp\/v2\/media?parent=2780"}],"wp:term":[{"taxonomy":"category","embeddable":true,"href":"https:\/\/agora.xtec.cat\/escolademusicsijpc\/wp-json\/wp\/v2\/categories?post=2780"},{"taxonomy":"post_tag","embeddable":true,"href":"https:\/\/agora.xtec.cat\/escolademusicsijpc\/wp-json\/wp\/v2\/tags?post=2780"}],"curies":[{"name":"wp","href":"https:\/\/api.w.org\/{rel}","templated":true}]}}