{"id":278,"date":"2008-12-08T16:39:41","date_gmt":"2008-12-08T15:39:41","guid":{"rendered":"http:\/\/escolademusicsjpc.wordpress.com\/?p=250"},"modified":"2016-02-03T18:36:29","modified_gmt":"2016-02-03T17:36:29","slug":"ens-ravalem","status":"publish","type":"post","link":"https:\/\/agora.xtec.cat\/escolademusicsijpc\/general\/ens-ravalem\/","title":{"rendered":"Ens Raval&#8217;em"},"content":{"rendered":"<p><img loading=\"lazy\" decoding=\"async\" class=\"alignleft size-full wp-image-254\" title=\"15 anys al Liceu\" src=\"http:\/\/agora.xtec.cat\/escolademusicsijpc\/wp-content\/uploads\/usu459\/2009\/11\/img_4153.gif\" alt=\"\" width=\"120\" height=\"160\" \/>Uns 500 membres d&#8217;associacions i entitats del Raval han protagonitzat, el\u00a0dilluns 9 de desembre de 2008, en el Gran Teatre del Liceu l&#8217;obra <a href=\"http:\/\/www.lavanguardia.es\/premium\/publica\/publica?COMPID=53594951963&amp;PAGINACIO=23&amp;ID_PAGINA=200806163&amp;ID_FORMATO=9&amp;PARTICION=2006&amp;SUBORDRE=3&amp;SECCIO=&amp;CANAL=51234151852&amp;NAVEGACIO=%27SI%27\" target=\"_self\">Ens Raval&#8217;em <\/a>(joc de paraules entre Raval i rebel\u00b7li\u00f3) sota el lema &#8220;Creiem que tots han de tenir acc\u00e9s a la m\u00fasica&#8221;<\/p>\n<p style=\"text-align: center;\"><img loading=\"lazy\" decoding=\"async\" class=\"alignnone size-full wp-image-180\" title=\"lem\" src=\"http:\/\/agora.xtec.cat\/escolademusicsijpc\/wp-content\/uploads\/usu459\/2009\/11\/lem.gif\" alt=\"\" width=\"45\" height=\"48\" \/><\/p>\n","protected":false},"excerpt":{"rendered":"<p>Uns 500 membres d&#8217;associacions i entitats del Raval han protagonitzat, el\u00a0dilluns 9 de desembre de 2008, en el Gran Teatre del Liceu l&#8217;obra <a href=\"http:\/\/www.lavanguardia.es\/premium\/publica\/publica?COMPID=53594951963&amp;PAGINACIO=23&amp;ID_PAGINA=200806163&amp;ID_FORMATO=9&amp;PARTICION=2006&amp;SUBORDRE=3&amp;SECCIO=&amp;CANAL=51234151852&amp;NAVEGACIO=%27SI%27\" target=\"_self\">Ens Raval&#8217;em <\/a>(joc de paraules entre Raval i rebel\u00b7li\u00f3) sota el lema &#8220;Creiem que tots han de tenir acc\u00e9s a&hellip;  <a href=\"https:\/\/agora.xtec.cat\/escolademusicsijpc\/general\/ens-ravalem\/\" title=\"Read Ens Raval&#8217;em\">Llegeix m\u00e9s\u00bb<\/a><\/p>\n","protected":false},"author":1,"featured_media":1097,"comment_status":"open","ping_status":"closed","sticky":false,"template":"","format":"standard","meta":{"_bbp_topic_count":0,"_bbp_reply_count":0,"_bbp_total_topic_count":0,"_bbp_total_reply_count":0,"_bbp_voice_count":0,"_bbp_anonymous_reply_count":0,"_bbp_topic_count_hidden":0,"_bbp_reply_count_hidden":0,"_bbp_forum_subforum_count":0,"footnotes":""},"categories":[1],"tags":[81],"class_list":["post-278","post","type-post","status-publish","format-standard","has-post-thumbnail","hentry","category-general","tag-concert"],"post_mailing_queue_ids":[],"_links":{"self":[{"href":"https:\/\/agora.xtec.cat\/escolademusicsijpc\/wp-json\/wp\/v2\/posts\/278","targetHints":{"allow":["GET"]}}],"collection":[{"href":"https:\/\/agora.xtec.cat\/escolademusicsijpc\/wp-json\/wp\/v2\/posts"}],"about":[{"href":"https:\/\/agora.xtec.cat\/escolademusicsijpc\/wp-json\/wp\/v2\/types\/post"}],"author":[{"embeddable":true,"href":"https:\/\/agora.xtec.cat\/escolademusicsijpc\/wp-json\/wp\/v2\/users\/1"}],"replies":[{"embeddable":true,"href":"https:\/\/agora.xtec.cat\/escolademusicsijpc\/wp-json\/wp\/v2\/comments?post=278"}],"version-history":[{"count":2,"href":"https:\/\/agora.xtec.cat\/escolademusicsijpc\/wp-json\/wp\/v2\/posts\/278\/revisions"}],"predecessor-version":[{"id":5126,"href":"https:\/\/agora.xtec.cat\/escolademusicsijpc\/wp-json\/wp\/v2\/posts\/278\/revisions\/5126"}],"wp:featuredmedia":[{"embeddable":true,"href":"https:\/\/agora.xtec.cat\/escolademusicsijpc\/wp-json\/wp\/v2\/media\/1097"}],"wp:attachment":[{"href":"https:\/\/agora.xtec.cat\/escolademusicsijpc\/wp-json\/wp\/v2\/media?parent=278"}],"wp:term":[{"taxonomy":"category","embeddable":true,"href":"https:\/\/agora.xtec.cat\/escolademusicsijpc\/wp-json\/wp\/v2\/categories?post=278"},{"taxonomy":"post_tag","embeddable":true,"href":"https:\/\/agora.xtec.cat\/escolademusicsijpc\/wp-json\/wp\/v2\/tags?post=278"}],"curies":[{"name":"wp","href":"https:\/\/api.w.org\/{rel}","templated":true}]}}