{"id":2683,"date":"2013-09-12T15:36:54","date_gmt":"2013-09-12T14:36:54","guid":{"rendered":"http:\/\/lescolademusicsijpc.wordpress.com\/?p=2683"},"modified":"2016-02-10T21:21:40","modified_gmt":"2016-02-10T20:21:40","slug":"el-so-del-raval","status":"publish","type":"post","link":"https:\/\/agora.xtec.cat\/escolademusicsijpc\/premsa\/el-so-del-raval\/","title":{"rendered":"El so del Raval"},"content":{"rendered":"<figure class=\"figure wp-caption alignright\"><a href=\"http:\/\/www.elperiodico.cat\/ca\/noticias\/districtes-de-bcn\/del-raval-2645671\"><img loading=\"lazy\" decoding=\"async\" class=\"size-full wp-image-2685 \" src=\"http:\/\/agora.xtec.cat\/escolademusicsijpc\/wp-content\/uploads\/usu459\/2013\/09\/el-periodico.gif\" alt=\"el so del Raval\" width=\"142\" height=\"200\" \/><\/a><figcaption class=\"wp-caption-text\">el so del Raval<\/figcaption><\/figure>\n<p>EL peri\u00f3dico de Catalunya ens ha publicat aquest article:<\/p>\n<p><strong>UNA INICIATIVA DE COHESI\u00d3 SOCIAL<\/strong><\/p>\n<p>El so del Raval<\/p>\n<p>Un grup heterogeni de ve\u00efns del barri integren la Raval&#8217;s Band. La formaci\u00f3 va n\u00e9ixer el 2005 despr\u00e9s d&#8217;un estudi sobre les nombroses bandes del barri encarregat pel districte&#8230;<\/p>\n<p><a href=\"http:\/\/www.elperiodico.cat\/ca\/noticias\/districtes-de-bcn\/del-raval-2645671\">http:\/\/www.elperiodico.cat\/ca\/noticias\/districtes-de-bcn\/del-raval-2645671<\/a><\/p>\n","protected":false},"excerpt":{"rendered":"<p><a href=\"http:\/\/www.elperiodico.cat\/ca\/noticias\/districtes-de-bcn\/del-raval-2645671\"><\/a>el so del Raval<br \/>\nEL peri\u00f3dico de Catalunya ens ha publicat aquest article:<br \/>\nUNA INICIATIVA DE COHESI\u00d3 SOCIAL<br \/>\nEl so del Raval<br \/>\nUn grup heterogeni de ve\u00efns del barri integren la Raval&#8217;s Band. La formaci\u00f3 va n\u00e9ixer el 2005 despr\u00e9s d&#8217;un estudi sobre les nombroses bandes del barri&hellip;  <a href=\"https:\/\/agora.xtec.cat\/escolademusicsijpc\/premsa\/el-so-del-raval\/\" title=\"Read El so del Raval\">Llegeix m\u00e9s\u00bb<\/a><\/p>\n","protected":false},"author":1,"featured_media":2685,"comment_status":"open","ping_status":"open","sticky":false,"template":"","format":"standard","meta":{"_bbp_topic_count":0,"_bbp_reply_count":0,"_bbp_total_topic_count":0,"_bbp_total_reply_count":0,"_bbp_voice_count":0,"_bbp_anonymous_reply_count":0,"_bbp_topic_count_hidden":0,"_bbp_reply_count_hidden":0,"_bbp_forum_subforum_count":0,"footnotes":""},"categories":[73],"tags":[],"class_list":["post-2683","post","type-post","status-publish","format-standard","has-post-thumbnail","hentry","category-premsa"],"post_mailing_queue_ids":[],"_links":{"self":[{"href":"https:\/\/agora.xtec.cat\/escolademusicsijpc\/wp-json\/wp\/v2\/posts\/2683","targetHints":{"allow":["GET"]}}],"collection":[{"href":"https:\/\/agora.xtec.cat\/escolademusicsijpc\/wp-json\/wp\/v2\/posts"}],"about":[{"href":"https:\/\/agora.xtec.cat\/escolademusicsijpc\/wp-json\/wp\/v2\/types\/post"}],"author":[{"embeddable":true,"href":"https:\/\/agora.xtec.cat\/escolademusicsijpc\/wp-json\/wp\/v2\/users\/1"}],"replies":[{"embeddable":true,"href":"https:\/\/agora.xtec.cat\/escolademusicsijpc\/wp-json\/wp\/v2\/comments?post=2683"}],"version-history":[{"count":2,"href":"https:\/\/agora.xtec.cat\/escolademusicsijpc\/wp-json\/wp\/v2\/posts\/2683\/revisions"}],"predecessor-version":[{"id":5407,"href":"https:\/\/agora.xtec.cat\/escolademusicsijpc\/wp-json\/wp\/v2\/posts\/2683\/revisions\/5407"}],"wp:featuredmedia":[{"embeddable":true,"href":"https:\/\/agora.xtec.cat\/escolademusicsijpc\/wp-json\/wp\/v2\/media\/2685"}],"wp:attachment":[{"href":"https:\/\/agora.xtec.cat\/escolademusicsijpc\/wp-json\/wp\/v2\/media?parent=2683"}],"wp:term":[{"taxonomy":"category","embeddable":true,"href":"https:\/\/agora.xtec.cat\/escolademusicsijpc\/wp-json\/wp\/v2\/categories?post=2683"},{"taxonomy":"post_tag","embeddable":true,"href":"https:\/\/agora.xtec.cat\/escolademusicsijpc\/wp-json\/wp\/v2\/tags?post=2683"}],"curies":[{"name":"wp","href":"https:\/\/api.w.org\/{rel}","templated":true}]}}