{"id":2670,"date":"2013-09-03T18:48:44","date_gmt":"2013-09-03T17:48:44","guid":{"rendered":"http:\/\/lescolademusicsijpc.wordpress.com\/?p=2670"},"modified":"2013-09-03T18:48:44","modified_gmt":"2013-09-03T17:48:44","slug":"ravals-band-%c2%b7-convocatoria-2013","status":"publish","type":"post","link":"https:\/\/agora.xtec.cat\/escolademusicsijpc\/grups\/ravals-band\/ravals-band-%c2%b7-convocatoria-2013\/","title":{"rendered":"Raval&#8217;s Band \u00b7 Convocat\u00f2ria 2013"},"content":{"rendered":"<figure class=\"figure wp-caption alignright\"><img loading=\"lazy\" decoding=\"async\" class=\"size-full wp-image-2680 \" alt=\"Raval's Band 2013\" src=\"http:\/\/agora.xtec.cat\/escolademusicsijpc\/wp-content\/uploads\/usu459\/2013\/09\/ravals-band010.gif\" width=\"188\" height=\"200\" \/><figcaption class=\"wp-caption-text\">Raval&#8217;s Band 2013<\/figcaption><\/figure>\n<p>S\u2019ha obert la convocat\u00f2ria 2013 per formar part de la Raval\u2019s Band.<\/p>\n<h3>Qu\u00e8 \u00e9s la Raval&#8217;s Band?<\/h3>\n<p>\u00c9s la banda de m\u00fasica del barri del Raval. Volem que estigui\u00a0formada per gent de Ciutat Vella que toqui instruments de vent metall, vent fusta i percussi\u00f3. A trav\u00e9s de la Raval\u2019s Band es facilita una formaci\u00f3 instrumental i de banda per a persones que tinguin algun coneixement musical.<\/p>\n<h3>Qui pot formar part de la Raval&#8217;s Band?<\/h3>\n<p>Aquesta convocat\u00f2ria va adre\u00e7ada a totes aquelles persones que toquin un instrument de vent o percussi\u00f3 i visquin al districte de Ciutat Vella, o siguin membres d\u2019alguna associaci\u00f3 o entitat del districte. Tindran prefer\u00e8ncia aquells candidats o candidates que siguin del barri del Raval.<\/p>\n<h3>Inscripci\u00f3<\/h3>\n<p>Les persones interessades heu de presentar-vos a una audici\u00f3. Heu de fer-nos arribar abans del <strong>30\u00a0de setembre<\/strong>\u00a0d\u2019enguany la butlleta d\u2019inscripci\u00f3 correctament omplerta.<\/p>\n<ul>\n<li><a href=\"http:\/\/agora.xtec.cat\/escolademusicsijpc\/wp-content\/uploads\/usu459\/2013\/09\/ravals-band-portada.pdf\">Butlleta d&#8217;inscripci\u00f3 portada<\/a><\/li>\n<li><a href=\"http:\/\/agora.xtec.cat\/escolademusicsijpc\/wp-content\/uploads\/usu459\/2013\/09\/ravals-band-contraportada.pdf\">Butlleta d&#8217;inscripci\u00f3 contraportada<\/a><\/li>\n<\/ul>\n<p><strong>Les butlletes es poden enviar per:<\/strong><\/p>\n<ul>\n<li>correu postal a l\u2019Escola de M\u00fasica Juan Pedro Carrero, carrer del Carme, 15-17. 08001 Barcelona, tel\u00e8fons 933 010 718 \/ 933 011 468.<\/li>\n<li>correu electr\u00f2nic: <a href=\"mailto:escolademusics@hotmail.com\"><span style=\"color:#0066cc;\">escolademusics@hotmail.com<\/span><\/a>.<\/li>\n<li>o b\u00e9 lliurar en m\u00e0 a la mateixa associaci\u00f3, de dilluns a divendres, de 10 a 20 h.<\/li>\n<\/ul>\n<h3>Repertori<\/h3>\n<p>Si voleu formar part de la Raval\u2019s Band heu de presentar dues obres de lliure elecci\u00f3 i un petit curr\u00edculum explicant la vostra experi\u00e8ncia musical. No demanem saber llegir m\u00fasica mentre sapigueu tocar el vostre instrument.<\/p>\n","protected":false},"excerpt":{"rendered":"<p>Raval&#8217;s Band 2013<br \/>\nS\u2019ha obert la convocat\u00f2ria 2013 per formar part de la Raval\u2019s Band.<br \/>\nQu\u00e8 \u00e9s la Raval&#8217;s Band?<br \/>\n\u00c9s la banda de m\u00fasica del barri del Raval. Volem que estigui\u00a0formada per gent de Ciutat Vella que toqui instruments de vent metall, vent fusta i percussi\u00f3. A&hellip;  <a href=\"https:\/\/agora.xtec.cat\/escolademusicsijpc\/grups\/ravals-band\/ravals-band-%c2%b7-convocatoria-2013\/\" title=\"Read Raval&#8217;s Band \u00b7 Convocat\u00f2ria 2013\">Llegeix m\u00e9s\u00bb<\/a><\/p>\n","protected":false},"author":1,"featured_media":0,"comment_status":"open","ping_status":"open","sticky":false,"template":"","format":"standard","meta":{"_bbp_topic_count":0,"_bbp_reply_count":0,"_bbp_total_topic_count":0,"_bbp_total_reply_count":0,"_bbp_voice_count":0,"_bbp_anonymous_reply_count":0,"_bbp_topic_count_hidden":0,"_bbp_reply_count_hidden":0,"_bbp_forum_subforum_count":0,"footnotes":""},"categories":[75],"tags":[],"class_list":["post-2670","post","type-post","status-publish","format-standard","hentry","category-ravals-band"],"post_mailing_queue_ids":[],"_links":{"self":[{"href":"https:\/\/agora.xtec.cat\/escolademusicsijpc\/wp-json\/wp\/v2\/posts\/2670","targetHints":{"allow":["GET"]}}],"collection":[{"href":"https:\/\/agora.xtec.cat\/escolademusicsijpc\/wp-json\/wp\/v2\/posts"}],"about":[{"href":"https:\/\/agora.xtec.cat\/escolademusicsijpc\/wp-json\/wp\/v2\/types\/post"}],"author":[{"embeddable":true,"href":"https:\/\/agora.xtec.cat\/escolademusicsijpc\/wp-json\/wp\/v2\/users\/1"}],"replies":[{"embeddable":true,"href":"https:\/\/agora.xtec.cat\/escolademusicsijpc\/wp-json\/wp\/v2\/comments?post=2670"}],"version-history":[{"count":0,"href":"https:\/\/agora.xtec.cat\/escolademusicsijpc\/wp-json\/wp\/v2\/posts\/2670\/revisions"}],"wp:attachment":[{"href":"https:\/\/agora.xtec.cat\/escolademusicsijpc\/wp-json\/wp\/v2\/media?parent=2670"}],"wp:term":[{"taxonomy":"category","embeddable":true,"href":"https:\/\/agora.xtec.cat\/escolademusicsijpc\/wp-json\/wp\/v2\/categories?post=2670"},{"taxonomy":"post_tag","embeddable":true,"href":"https:\/\/agora.xtec.cat\/escolademusicsijpc\/wp-json\/wp\/v2\/tags?post=2670"}],"curies":[{"name":"wp","href":"https:\/\/api.w.org\/{rel}","templated":true}]}}