{"id":2637,"date":"2013-06-17T16:35:45","date_gmt":"2013-06-17T15:35:45","guid":{"rendered":"http:\/\/lescolademusicsijpc.wordpress.com\/?p=2637"},"modified":"2016-01-27T18:39:20","modified_gmt":"2016-01-27T17:39:20","slug":"audicions-destiu","status":"publish","type":"post","link":"https:\/\/agora.xtec.cat\/escolademusicsijpc\/audicions-alumnes\/audicions-destiu\/","title":{"rendered":"Audicions d&#8217;estiu"},"content":{"rendered":"<figure class=\"figure wp-caption alignright\"><img loading=\"lazy\" decoding=\"async\" class=\"size-full wp-image-2639\" src=\"http:\/\/agora.xtec.cat\/escolademusicsijpc\/wp-content\/uploads\/usu459\/2013\/06\/audicions-estiu.gif\" alt=\"audicions estiu\" width=\"141\" height=\"200\" \/><figcaption class=\"wp-caption-text\">audicions d&#8217;estiu<\/figcaption><\/figure>\n<p>Com cada any els alumnes de l\u2019Escola de M\u00fasics i Escola de M\u00fasica JPC actuaran en espais cedits per diverses entitats dels barri del Raval. Aquest ser\u00e0 el seg\u00fcent programa:<\/p>\n<ul>\n<li>Dimecres 26 de juny Orquestres, Corals, Combos i Sensibilitzaci\u00f3 Musical. Escola Collaso i Gil al C\/Abat Safont n\u00ba12 de 17:30 a 21:30h.<\/li>\n<li>Dijous 27 de juny Cant, Combos, Orquestra Guitarres i Grups Instrumentals Centre C\u00edvic Drassanes al C\/Nou de la Rambla n\u00ba43 de 17:00 a 21:30h.<\/li>\n<\/ul>\n","protected":false},"excerpt":{"rendered":"<p>audicions d&#8217;estiu<br \/>\nCom cada any els alumnes de l\u2019Escola de M\u00fasics i Escola de M\u00fasica JPC actuaran en espais cedits per diverses entitats dels barri del Raval. Aquest ser\u00e0 el seg\u00fcent programa:<\/p>\n<ul>\n<li>Dimecres 26 de juny Orquestres, Corals, Combos i Sensibilitzaci\u00f3 Musical. Escola Collaso i Gil al&hellip;  <a href=\"https:\/\/agora.xtec.cat\/escolademusicsijpc\/audicions-alumnes\/audicions-destiu\/\" title=\"Read Audicions d&#8217;estiu\">Llegeix m\u00e9s\u00bb<\/a><br \/>\n","protected":false},"author":1,"featured_media":2639,"comment_status":"open","ping_status":"open","sticky":false,"template":"","format":"standard","meta":{"_bbp_topic_count":0,"_bbp_reply_count":0,"_bbp_total_topic_count":0,"_bbp_total_reply_count":0,"_bbp_voice_count":0,"_bbp_anonymous_reply_count":0,"_bbp_topic_count_hidden":0,"_bbp_reply_count_hidden":0,"_bbp_forum_subforum_count":0,"footnotes":""},"categories":[59,62,66,72],"tags":[],"class_list":["post-2637","post","type-post","status-publish","format-standard","has-post-thumbnail","hentry","category-audicions-alumnes","category-combos","category-corals","category-orquestra-de-guitarres"],"post_mailing_queue_ids":[],"_links":{"self":[{"href":"https:\/\/agora.xtec.cat\/escolademusicsijpc\/wp-json\/wp\/v2\/posts\/2637","targetHints":{"allow":["GET"]}}],"collection":[{"href":"https:\/\/agora.xtec.cat\/escolademusicsijpc\/wp-json\/wp\/v2\/posts"}],"about":[{"href":"https:\/\/agora.xtec.cat\/escolademusicsijpc\/wp-json\/wp\/v2\/types\/post"}],"author":[{"embeddable":true,"href":"https:\/\/agora.xtec.cat\/escolademusicsijpc\/wp-json\/wp\/v2\/users\/1"}],"replies":[{"embeddable":true,"href":"https:\/\/agora.xtec.cat\/escolademusicsijpc\/wp-json\/wp\/v2\/comments?post=2637"}],"version-history":[{"count":2,"href":"https:\/\/agora.xtec.cat\/escolademusicsijpc\/wp-json\/wp\/v2\/posts\/2637\/revisions"}],"predecessor-version":[{"id":4713,"href":"https:\/\/agora.xtec.cat\/escolademusicsijpc\/wp-json\/wp\/v2\/posts\/2637\/revisions\/4713"}],"wp:featuredmedia":[{"embeddable":true,"href":"https:\/\/agora.xtec.cat\/escolademusicsijpc\/wp-json\/wp\/v2\/media\/2639"}],"wp:attachment":[{"href":"https:\/\/agora.xtec.cat\/escolademusicsijpc\/wp-json\/wp\/v2\/media?parent=2637"}],"wp:term":[{"taxonomy":"category","embeddable":true,"href":"https:\/\/agora.xtec.cat\/escolademusicsijpc\/wp-json\/wp\/v2\/categories?post=2637"},{"taxonomy":"post_tag","embeddable":true,"href":"https:\/\/agora.xtec.cat\/escolademusicsijpc\/wp-json\/wp\/v2\/tags?post=2637"}],"curies":[{"name":"wp","href":"https:\/\/api.w.org\/{rel}","templated":true}]}}