{"id":2623,"date":"2013-06-11T15:00:57","date_gmt":"2013-06-11T14:00:57","guid":{"rendered":"http:\/\/lescolademusicsijpc.wordpress.com\/?p=2623"},"modified":"2016-01-28T21:13:12","modified_gmt":"2016-01-28T20:13:12","slug":"bso-de-contes-i-altres-histories","status":"publish","type":"post","link":"https:\/\/agora.xtec.cat\/escolademusicsijpc\/concerts\/bso-de-contes-i-altres-histories\/","title":{"rendered":"\u201cBSO de contes i altres hist\u00f2ries\u201d"},"content":{"rendered":"<figure class=\"figure wp-caption alignright\"><img loading=\"lazy\" decoding=\"async\" class=\"size-full wp-image-2624\" src=\"http:\/\/agora.xtec.cat\/escolademusicsijpc\/wp-content\/uploads\/usu459\/2013\/06\/la-piedra-viajera003.gif\" alt=\"la piedra viajera\" width=\"141\" height=\"200\" \/><figcaption class=\"wp-caption-text\">la piedra viajera<\/figcaption><\/figure>\n<p>Benvolguts pares, ja podeu anotar la data al calendari i avisar a molt p\u00fablic perqu\u00e8 els nostres alumnes mostraran els seu treball de creaci\u00f3 i composici\u00f3.<\/p>\n<p>Dissabte 15 de juny de 17 a 19h al C\/Riera Alta n\u00ba10.<\/p>\n<p style=\"text-align: center;\">Programa:<\/p>\n<ul>\n<ul>\n<li>\u201cEl castanyer\u201d d&#8217;Olga Llaurad\u00f2<\/li>\n<li>\u201cLa piedra viajera\u201d d&#8217;H\u00e9ctor P\u00e9rez<\/li>\n<li>\u201cEls Tres Porquets\u201d d&#8217;Ona Casals<\/li>\n<li>\u201cLa Caputxeta Vermella\u201d de Silvana Garcia<\/li>\n<li>\u201cEn Patufet\u201d d&#8217;A\u00efna i Arnau Sanfeliu<\/li>\n<\/ul>\n<\/ul>\n","protected":false},"excerpt":{"rendered":"<p>la piedra viajera<br \/>\nBenvolguts pares, ja podeu anotar la data al calendari i avisar a molt p\u00fablic perqu\u00e8 els nostres alumnes mostraran els seu treball de creaci\u00f3 i composici\u00f3.<br \/>\nDissabte 15 de juny de 17 a 19h al C\/Riera Alta n\u00ba10.<br \/>\nPrograma:<\/p>\n<ul>\n<ul>\n<li>\u201cEl castanyer\u201d d&#8217;Olga Llaurad\u00f2<\/li>\n<li>\u201cLa piedra viajera\u201d d&#8217;H\u00e9ctor&hellip;  <a href=\"https:\/\/agora.xtec.cat\/escolademusicsijpc\/concerts\/bso-de-contes-i-altres-histories\/\" title=\"Read \u201cBSO de contes i altres hist\u00f2ries\u201d\">Llegeix m\u00e9s\u00bb<\/a><br \/>\n","protected":false},"author":1,"featured_media":2624,"comment_status":"open","ping_status":"open","sticky":false,"template":"","format":"standard","meta":{"_bbp_topic_count":0,"_bbp_reply_count":0,"_bbp_total_topic_count":0,"_bbp_total_reply_count":0,"_bbp_voice_count":0,"_bbp_anonymous_reply_count":0,"_bbp_topic_count_hidden":0,"_bbp_reply_count_hidden":0,"_bbp_forum_subforum_count":0,"footnotes":""},"categories":[63],"tags":[],"class_list":["post-2623","post","type-post","status-publish","format-standard","has-post-thumbnail","hentry","category-concerts"],"post_mailing_queue_ids":[],"_links":{"self":[{"href":"https:\/\/agora.xtec.cat\/escolademusicsijpc\/wp-json\/wp\/v2\/posts\/2623","targetHints":{"allow":["GET"]}}],"collection":[{"href":"https:\/\/agora.xtec.cat\/escolademusicsijpc\/wp-json\/wp\/v2\/posts"}],"about":[{"href":"https:\/\/agora.xtec.cat\/escolademusicsijpc\/wp-json\/wp\/v2\/types\/post"}],"author":[{"embeddable":true,"href":"https:\/\/agora.xtec.cat\/escolademusicsijpc\/wp-json\/wp\/v2\/users\/1"}],"replies":[{"embeddable":true,"href":"https:\/\/agora.xtec.cat\/escolademusicsijpc\/wp-json\/wp\/v2\/comments?post=2623"}],"version-history":[{"count":2,"href":"https:\/\/agora.xtec.cat\/escolademusicsijpc\/wp-json\/wp\/v2\/posts\/2623\/revisions"}],"predecessor-version":[{"id":4879,"href":"https:\/\/agora.xtec.cat\/escolademusicsijpc\/wp-json\/wp\/v2\/posts\/2623\/revisions\/4879"}],"wp:featuredmedia":[{"embeddable":true,"href":"https:\/\/agora.xtec.cat\/escolademusicsijpc\/wp-json\/wp\/v2\/media\/2624"}],"wp:attachment":[{"href":"https:\/\/agora.xtec.cat\/escolademusicsijpc\/wp-json\/wp\/v2\/media?parent=2623"}],"wp:term":[{"taxonomy":"category","embeddable":true,"href":"https:\/\/agora.xtec.cat\/escolademusicsijpc\/wp-json\/wp\/v2\/categories?post=2623"},{"taxonomy":"post_tag","embeddable":true,"href":"https:\/\/agora.xtec.cat\/escolademusicsijpc\/wp-json\/wp\/v2\/tags?post=2623"}],"curies":[{"name":"wp","href":"https:\/\/api.w.org\/{rel}","templated":true}]}}