{"id":2598,"date":"2013-05-15T17:34:44","date_gmt":"2013-05-15T16:34:44","guid":{"rendered":"http:\/\/lescolademusicsijpc.wordpress.com\/?p=2598"},"modified":"2016-01-28T21:20:21","modified_gmt":"2016-01-28T20:20:21","slug":"entrades-per-lauditori-pel-20e-aniversari","status":"publish","type":"post","link":"https:\/\/agora.xtec.cat\/escolademusicsijpc\/concerts\/entrades-per-lauditori-pel-20e-aniversari\/","title":{"rendered":"Entrades per l&#8217;Auditori pel 20\u00e8 aniversari"},"content":{"rendered":"<figure class=\"figure wp-caption alignright\"><img loading=\"lazy\" decoding=\"async\" class=\"size-full wp-image-2599\" src=\"http:\/\/agora.xtec.cat\/escolademusicsijpc\/wp-content\/uploads\/usu459\/2013\/05\/20aniversari.gif\" alt=\"entrades \" width=\"141\" height=\"200\" \/><figcaption class=\"wp-caption-text\">entrades<\/figcaption><\/figure>\n<p>A partir del dijous 16 de maig.<\/p>\n<p>Podeu reservar les entrades a secretaria\u00a0 (C\/Carme 15-17, de 10h a 21h). Les heu de pagar anticipadament i recollir-les a partir del 27 de maig a secretaria.<\/p>\n<p>Podeu reservar un m\u00e0xim de 6 entrades per fam\u00edlia. Si en voleu m\u00e9s, obrirem una llista d\u2019espera.<\/p>\n<p>Els preus de les entrades van de 8\u20ac a 10\u20ac, \u00a0i es reservaran per estricte ordre d\u2019arribada.<\/p>\n","protected":false},"excerpt":{"rendered":"<p>entrades<br \/>\nA partir del dijous 16 de maig.<br \/>\nPodeu reservar les entrades a secretaria\u00a0 (C\/Carme 15-17, de 10h a 21h). Les heu de pagar anticipadament i recollir-les a partir del 27 de maig a secretaria.<br \/>\nPodeu reservar un m\u00e0xim de 6 entrades per fam\u00edlia. Si en voleu m\u00e9s,&hellip;  <a href=\"https:\/\/agora.xtec.cat\/escolademusicsijpc\/concerts\/entrades-per-lauditori-pel-20e-aniversari\/\" title=\"Read Entrades per l&#8217;Auditori pel 20\u00e8 aniversari\">Llegeix m\u00e9s\u00bb<\/a><\/p>\n","protected":false},"author":1,"featured_media":2599,"comment_status":"open","ping_status":"open","sticky":false,"template":"","format":"standard","meta":{"_bbp_topic_count":0,"_bbp_reply_count":0,"_bbp_total_topic_count":0,"_bbp_total_reply_count":0,"_bbp_voice_count":0,"_bbp_anonymous_reply_count":0,"_bbp_topic_count_hidden":0,"_bbp_reply_count_hidden":0,"_bbp_forum_subforum_count":0,"footnotes":""},"categories":[63],"tags":[],"class_list":["post-2598","post","type-post","status-publish","format-standard","has-post-thumbnail","hentry","category-concerts"],"post_mailing_queue_ids":[],"_links":{"self":[{"href":"https:\/\/agora.xtec.cat\/escolademusicsijpc\/wp-json\/wp\/v2\/posts\/2598","targetHints":{"allow":["GET"]}}],"collection":[{"href":"https:\/\/agora.xtec.cat\/escolademusicsijpc\/wp-json\/wp\/v2\/posts"}],"about":[{"href":"https:\/\/agora.xtec.cat\/escolademusicsijpc\/wp-json\/wp\/v2\/types\/post"}],"author":[{"embeddable":true,"href":"https:\/\/agora.xtec.cat\/escolademusicsijpc\/wp-json\/wp\/v2\/users\/1"}],"replies":[{"embeddable":true,"href":"https:\/\/agora.xtec.cat\/escolademusicsijpc\/wp-json\/wp\/v2\/comments?post=2598"}],"version-history":[{"count":2,"href":"https:\/\/agora.xtec.cat\/escolademusicsijpc\/wp-json\/wp\/v2\/posts\/2598\/revisions"}],"predecessor-version":[{"id":4882,"href":"https:\/\/agora.xtec.cat\/escolademusicsijpc\/wp-json\/wp\/v2\/posts\/2598\/revisions\/4882"}],"wp:featuredmedia":[{"embeddable":true,"href":"https:\/\/agora.xtec.cat\/escolademusicsijpc\/wp-json\/wp\/v2\/media\/2599"}],"wp:attachment":[{"href":"https:\/\/agora.xtec.cat\/escolademusicsijpc\/wp-json\/wp\/v2\/media?parent=2598"}],"wp:term":[{"taxonomy":"category","embeddable":true,"href":"https:\/\/agora.xtec.cat\/escolademusicsijpc\/wp-json\/wp\/v2\/categories?post=2598"},{"taxonomy":"post_tag","embeddable":true,"href":"https:\/\/agora.xtec.cat\/escolademusicsijpc\/wp-json\/wp\/v2\/tags?post=2598"}],"curies":[{"name":"wp","href":"https:\/\/api.w.org\/{rel}","templated":true}]}}