{"id":2544,"date":"2013-04-10T16:29:14","date_gmt":"2013-04-10T15:29:14","guid":{"rendered":"http:\/\/lescolademusicsijpc.wordpress.com\/?p=2544"},"modified":"2016-02-09T19:15:50","modified_gmt":"2016-02-09T18:15:50","slug":"conveni-per-a-la-normalitzacio-linguistica","status":"publish","type":"post","link":"https:\/\/agora.xtec.cat\/escolademusicsijpc\/corals\/conveni-per-a-la-normalitzacio-linguistica\/","title":{"rendered":"Neix la coral &#8220;Ciutat Vella m&#8217;encanta&#8221;"},"content":{"rendered":"<div>\n<figure class=\"figure wp-caption alignright\"><img loading=\"lazy\" decoding=\"async\" class=\"size-full wp-image-2554\" src=\"http:\/\/agora.xtec.cat\/escolademusicsijpc\/wp-content\/uploads\/usu459\/2013\/04\/e_1rdia_editora_128_8717_1.jpg\" alt=\"Ciutat Vella m'encanta\" width=\"160\" height=\"120\" \/><figcaption class=\"wp-caption-text\">Ciutat Vella m&#8217;encanta<\/figcaption><\/figure>\n<p><span style=\"font-family: 'Arial Black';\">Neix la coral &#8220;Ciutat Vella m&#8217;encanta&#8221;, formada per alumnes de catal\u00e0.<\/span><\/p>\n<\/div>\n<div><span style=\"font-family: 'Arial Black';\"><em>Ciutat Vella m\u2019encanta<\/em> \u00e9s la nova coral formada per alumnes dels cursos de\u00a0 catal\u00e0 del CNL de Barcelona. Aquesta\u00a0 iniciativa \u00e9s fruit del conveni signat entre la delegaci\u00f3 de Ciutat Vella del CNL i l\u2019escola de M\u00fasica JPC i s&#8217;emmarca en el programa &#8220;Apr\u00e8n catal\u00e0 tot cantant&#8221; que es duu a terme al Raval.<\/span><\/div>\n<p>L\u2019aproximaci\u00f3 a la cultura popular a trav\u00e9s de la m\u00fasica \u00e9s una de les prioritats de l\u2019Escola de M\u00fasica JPC i enlla\u00e7a amb una de les prioritats del CNL de Barcelona que \u00e9s fer con\u00e8ixer i participar en la cultura popular catalana als alumnes dels cursos de catal\u00e0.<\/p>\n<p>La coral <em>Ciutat Vella m\u2019encanta <\/em>permetr\u00e0 als alumnes, de diferents nivells i proced\u00e8ncies, practicar el catal\u00e0 fora de l\u2019aula i, alhora, con\u00e8ixer i participar activament en la cultura popular, afavorir les relacions interpersonals i facilitar la plena integraci\u00f3 a la societat catalana.<\/p>\n<p>Alguns dels valors afegits que aquesta activitat pot aportar als alumnes s\u00f3n:<\/p>\n<ul>\n<li>Incrementar la motivaci\u00f3 per l\u2019aprenentatge de la llengua entre els alumnes nouvinguts; treballar la dicci\u00f3 i la fon\u00e8tica; ampliar vocabulari; fer pr\u00e0ctiques reals de la llengua fora de l\u2019aula; adquirir seguretat en les primeres converses, etc.<\/li>\n<\/ul>\n<ul>\n<li>Quant als alumnes de nivells m\u00e9s avan\u00e7ats, a m\u00e9s de refor\u00e7ar la llengua oral i treballar la dicci\u00f3 i la fon\u00e8tica, la seva participaci\u00f3 a la coral els animar\u00e0 a fer servir sempre el catal\u00e0, especialment amb aquelles persones que n&#8217;estan iniciant l&#8217;aprenentatge.<\/li>\n<\/ul>\n<p><a href=\"http:\/\/www.cpnl.cat\/xarxa\/cnlbarcelona\/noticies.html?ID=8717\">Consorci per a la Normalitzaci\u00f3 Ling\u00fc\u00edstica<\/a><\/p>\n<div><span style=\"font-family: 'Arial Black';\"><b><img loading=\"lazy\" decoding=\"async\" class=\"size-full wp-image-2550 alignnone\" style=\"width: 211px; height: 122px;\" src=\"http:\/\/agora.xtec.cat\/escolademusicsijpc\/wp-content\/uploads\/usu459\/2013\/04\/untitled.png\" alt=\"untitled\" width=\"212\" height=\"124\" \/><img loading=\"lazy\" decoding=\"async\" class=\"size-medium wp-image-2545 alignnone\" style=\"width: 242px; height: 122px;\" src=\"http:\/\/agora.xtec.cat\/escolademusicsijpc\/wp-content\/uploads\/usu459\/2013\/04\/captura-de-pantalla-2013-03-22-a-las-12_27_36.png?w=300\" alt=\"Captura de pantalla 2013-03-22 a la(s) 12_27_36\" width=\"244\" height=\"123\" \/><\/b><\/span><\/div>\n","protected":false},"excerpt":{"rendered":"<p>Ciutat Vella m&#8217;encanta<br \/>\nNeix la coral &#8220;Ciutat Vella m&#8217;encanta&#8221;, formada per alumnes de catal\u00e0.<\/p>\n<p>Ciutat Vella m\u2019encanta \u00e9s la nova coral formada per alumnes dels cursos de\u00a0 catal\u00e0 del CNL de Barcelona. Aquesta\u00a0 iniciativa \u00e9s fruit del conveni signat entre la delegaci\u00f3 de Ciutat Vella del CNL&hellip;  <a href=\"https:\/\/agora.xtec.cat\/escolademusicsijpc\/corals\/conveni-per-a-la-normalitzacio-linguistica\/\" title=\"Read Neix la coral &#8220;Ciutat Vella m&#8217;encanta&#8221;\">Llegeix m\u00e9s\u00bb<\/a><\/p>\n","protected":false},"author":1,"featured_media":2554,"comment_status":"open","ping_status":"open","sticky":false,"template":"","format":"standard","meta":{"_bbp_topic_count":0,"_bbp_reply_count":0,"_bbp_total_topic_count":0,"_bbp_total_reply_count":0,"_bbp_voice_count":0,"_bbp_anonymous_reply_count":0,"_bbp_topic_count_hidden":0,"_bbp_reply_count_hidden":0,"_bbp_forum_subforum_count":0,"footnotes":""},"categories":[66],"tags":[],"class_list":["post-2544","post","type-post","status-publish","format-standard","has-post-thumbnail","hentry","category-corals"],"post_mailing_queue_ids":[],"_links":{"self":[{"href":"https:\/\/agora.xtec.cat\/escolademusicsijpc\/wp-json\/wp\/v2\/posts\/2544","targetHints":{"allow":["GET"]}}],"collection":[{"href":"https:\/\/agora.xtec.cat\/escolademusicsijpc\/wp-json\/wp\/v2\/posts"}],"about":[{"href":"https:\/\/agora.xtec.cat\/escolademusicsijpc\/wp-json\/wp\/v2\/types\/post"}],"author":[{"embeddable":true,"href":"https:\/\/agora.xtec.cat\/escolademusicsijpc\/wp-json\/wp\/v2\/users\/1"}],"replies":[{"embeddable":true,"href":"https:\/\/agora.xtec.cat\/escolademusicsijpc\/wp-json\/wp\/v2\/comments?post=2544"}],"version-history":[{"count":2,"href":"https:\/\/agora.xtec.cat\/escolademusicsijpc\/wp-json\/wp\/v2\/posts\/2544\/revisions"}],"predecessor-version":[{"id":5308,"href":"https:\/\/agora.xtec.cat\/escolademusicsijpc\/wp-json\/wp\/v2\/posts\/2544\/revisions\/5308"}],"wp:featuredmedia":[{"embeddable":true,"href":"https:\/\/agora.xtec.cat\/escolademusicsijpc\/wp-json\/wp\/v2\/media\/2554"}],"wp:attachment":[{"href":"https:\/\/agora.xtec.cat\/escolademusicsijpc\/wp-json\/wp\/v2\/media?parent=2544"}],"wp:term":[{"taxonomy":"category","embeddable":true,"href":"https:\/\/agora.xtec.cat\/escolademusicsijpc\/wp-json\/wp\/v2\/categories?post=2544"},{"taxonomy":"post_tag","embeddable":true,"href":"https:\/\/agora.xtec.cat\/escolademusicsijpc\/wp-json\/wp\/v2\/tags?post=2544"}],"curies":[{"name":"wp","href":"https:\/\/api.w.org\/{rel}","templated":true}]}}