{"id":2516,"date":"2013-04-15T15:15:37","date_gmt":"2013-04-15T14:15:37","guid":{"rendered":"http:\/\/lescolademusicsijpc.wordpress.com\/?p=2516"},"modified":"2013-04-15T15:15:37","modified_gmt":"2013-04-15T14:15:37","slug":"matriculacio-curs-2013-14","status":"publish","type":"post","link":"https:\/\/agora.xtec.cat\/escolademusicsijpc\/premsa\/matriculacio-curs-2013-14\/","title":{"rendered":"Pr\u00f2rroga Preinscripci\u00f3 fins dissabte 27 d&#8217;abril \u00b7 Matriculaci\u00f3 curs 2013-14"},"content":{"rendered":"<p><a href=\"http:\/\/agora.xtec.cat\/escolademusicsijpc\/wp-content\/uploads\/usu459\/2013\/04\/preinscri-2013-14def-2.pdf\">Full preinscripci\u00f3 2013_14<\/a>\u00a0\u00b7 <a href=\"http:\/\/agora.xtec.cat\/escolademusicsijpc\/wp-content\/uploads\/usu459\/2012\/11\/projecte_curricular_educatiu1.pdf\">Projecte Curricular Educatiu<\/a><\/p>\n<p>Us comuniquem que degut a l\u2019actual situaci\u00f3 de crisi, l\u2019escola ha decidit mantenir els preus del curs anterior i baixar les matr\u00edcules del programa oficial i del programa lliure amb activitats grupals.<\/p>\n<p>Amb aquest comunicat us volem informar que ja podeu fer la <b>preinscripci\u00f3 per al proper curs 2013-14.<\/b> Us fem arribar la normativa, dies i horaris de preinscripci\u00f3 i matriculaci\u00f3.<b><\/b><\/p>\n<p><strong>Criteris a l\u2019hora de fer els horaris<\/strong><\/p>\n<ol start=\"1\">\n<li>Tindran prefer\u00e8ncia els alumnes que facin el programa oficial.\n<ol start=\"1\">\n<li><strong><b>Classes Grupals:<\/b> <\/strong>tindran prefer\u00e8ncia tots aquells antics alumnes que es preinscriguin en el programa oficial i <strong>es tancaran els grups per estricte ordre d\u2019arribada.<\/strong><\/li>\n<li><strong><\/strong><b>Classes individuals<\/b>: tindran prefer\u00e8ncia tots aquells antics alumnes que es preinscriguin en el programa oficial i <strong>els horaris es confeccionaran segons l\u2019edat de cada alumne<\/strong> (els petits m\u00e9s aviat i els grans m\u00e9s tard).<\/li>\n<\/ol>\n<\/li>\n<li>Tindran prefer\u00e8ncia hor\u00e0ria tot aquells alumnes que \u00e9s matriculin abans del 21 d\u2019abril.<\/li>\n<li>Germans.<\/li>\n<li>Antiguitat a l\u2019escola.<\/li>\n<\/ol>\n<p><strong>Preinscripci\u00f3 curs 2013-14 fins dissabte 27<\/strong><strong>\u00a0d&#8217;abril<\/strong><\/p>\n<p>Els alumnes que tinguin mensualitats pendents de pagament hauran d\u2019abonar-les abans de fer la preinscripci\u00f3.<\/p>\n<p><strong>Preus preinscripci\u00f3<\/strong><\/p>\n<div align=\"center\">\n<table border=\"1\">\n<tbody>\n<tr>\n<td>Programa oficial<\/td>\n<td>Programa lliure (amb assignatura grupal)<\/td>\n<td>Programa lliure (sense assignatura grupal)<\/td>\n<\/tr>\n<tr>\n<td>50\u20ac<\/td>\n<td>60\u20ac<\/td>\n<td>80\u20ac<\/td>\n<\/tr>\n<\/tbody>\n<\/table>\n<\/div>\n<p><strong>Descomptes preinscripci\u00f3\u00a0fins 27\u00a0d&#8217;abril :<\/strong><\/p>\n<p><strong>60%\u00a0 &#8211;\u00a0 Alumnes del programa oficial.<\/strong><\/p>\n<p><strong>30%\u00a0 &#8211;\u00a0 Alumnes del programa lliure (amb assignatura grupal).<\/strong><\/p>\n<p><strong>15%\u00a0 &#8211;\u00a0 Alumnes del programa lliure (sense assignatura grupal).<\/strong><\/p>\n<p><strong>Confirmaci\u00f3 d\u2019horaris i matriculaci\u00f3:<\/strong><\/p>\n<p><strong>Del 6 a l&#8217;11 de maig:<\/strong> alumnes preinscrits en el programa oficial.<\/p>\n<p><strong>Del 13 al 18 de maig:<\/strong> alumnes preinscrits en el programa lliure.<\/p>\n<p><strong>Horaris de preinscripci\u00f3<\/strong><\/p>\n<table border=\"1\">\n<tbody>\n<tr>\n<td>Matins de 10 a 14h:-de dilluns a dissabte-C\/Carme 15-Tel: 93 301 07 18<\/td>\n<td>Tardes de 16 a 21h:-de dilluns a divendres-C\/Riera Alta 43 i C\/Carme 15-de dilluns a dijous C\/Riera Alta 10-Tel: 93 441 00 31 i 93 301 07 18<\/td>\n<\/tr>\n<\/tbody>\n<\/table>\n<p>L\u2019Escola aconsella seguir la programaci\u00f3 oficial que us adjuntem a continuaci\u00f3, i que s\u2019acreditar\u00e0 amb els seg\u00fcents diplomes:<\/p>\n<p><strong>Diploma acreditatiu de nivell elemental.<\/strong><\/p>\n<p>Assignatures m\u00ednimes que s\u2019han de cursar per l\u2019obtenci\u00f3 del diploma:<\/p>\n<p>6 cursos d\u2019instrument<\/p>\n<p>6 cursos de llenguatge musical<\/p>\n<p>4 cursos: dos de cant coral i dos de grup instrumental o d\u2019orquestra<\/p>\n<p><strong>Diploma acreditatiu de nivell professional (mitj\u00e0)<\/strong><\/p>\n<p>Assignatures m\u00ednimes que s\u2019han de cursar per l\u2019obtenci\u00f3 del diploma:<\/p>\n<p>6 cursos d\u2019instrument<\/p>\n<p>4 cursos de Llenguatge musical + 4 cursos d\u2019 harmonia<\/p>\n<p>2 cursos de dictat i harmonia aplicada a l\u2019an\u00e0lisis, l\u2019audici\u00f3 i la hist\u00f2ria de la m\u00fasica, o d\u2019arranjaments i harmonia moderna<\/p>\n<p>6 cursos de cant coral, grup instrumental o orquestra<\/p>\n<p>6 cursos de segon instrument.<\/p>\n<p>Volem remarcar que aquesta programaci\u00f3 no \u00e9s obligat\u00f2ria.<\/p>\n<p>L\u2019Escola d\u00f3na l\u2019opci\u00f3 de seguir el projecte curricular per mitj\u00e0 d\u2019un programa lliure.<\/p>\n<p>L\u2019Escola es caracteritza per la seva flexibilitat, adaptant al m\u00e0xim possible la seva programaci\u00f3 curricular a les caracter\u00edstiques i necessitats particulars de cada alumne.<\/p>\n<p>Per a qualsevol dubte, ens podeu trobar en els horaris habituals de secretaria :<\/p>\n<p>C\/Carme n\u00ba15 matins de dilluns a dissabte de 10 a 14h i tardes de dilluns a divendres 16 a 21h tel: 93 301 07 18<\/p>\n<p>C\/Riera Alta n\u00ba10 tardes de dilluns a dijous de 16h a 21h tel: 93 441 00 31<\/p>\n<p>C\/Riera Alta n\u00ba43 tardes de dilluns a divendres de 16h a 21h tel: 93 441 98 99<\/p>\n","protected":false},"excerpt":{"rendered":"<p><a href=\"http:\/\/agora.xtec.cat\/escolademusicsijpc\/wp-content\/uploads\/usu459\/2013\/04\/preinscri-2013-14def-2.pdf\">Full preinscripci\u00f3 2013_14<\/a>\u00a0\u00b7 <a href=\"http:\/\/agora.xtec.cat\/escolademusicsijpc\/wp-content\/uploads\/usu459\/2012\/11\/projecte_curricular_educatiu1.pdf\">Projecte Curricular Educatiu<\/a><br \/>\nUs comuniquem que degut a l\u2019actual situaci\u00f3 de crisi, l\u2019escola ha decidit mantenir els preus del curs anterior i baixar les matr\u00edcules del programa oficial i del programa lliure amb activitats grupals.<br \/>\nAmb aquest comunicat us volem informar que&hellip;  <a href=\"https:\/\/agora.xtec.cat\/escolademusicsijpc\/premsa\/matriculacio-curs-2013-14\/\" title=\"Read Pr\u00f2rroga Preinscripci\u00f3 fins dissabte 27 d&#8217;abril \u00b7 Matriculaci\u00f3 curs 2013-14\">Llegeix m\u00e9s\u00bb<\/a><\/p>\n","protected":false},"author":1,"featured_media":0,"comment_status":"open","ping_status":"open","sticky":false,"template":"","format":"standard","meta":{"_bbp_topic_count":0,"_bbp_reply_count":0,"_bbp_total_topic_count":0,"_bbp_total_reply_count":0,"_bbp_voice_count":0,"_bbp_anonymous_reply_count":0,"_bbp_topic_count_hidden":0,"_bbp_reply_count_hidden":0,"_bbp_forum_subforum_count":0,"footnotes":""},"categories":[73],"tags":[],"class_list":["post-2516","post","type-post","status-publish","format-standard","hentry","category-premsa"],"post_mailing_queue_ids":[],"_links":{"self":[{"href":"https:\/\/agora.xtec.cat\/escolademusicsijpc\/wp-json\/wp\/v2\/posts\/2516","targetHints":{"allow":["GET"]}}],"collection":[{"href":"https:\/\/agora.xtec.cat\/escolademusicsijpc\/wp-json\/wp\/v2\/posts"}],"about":[{"href":"https:\/\/agora.xtec.cat\/escolademusicsijpc\/wp-json\/wp\/v2\/types\/post"}],"author":[{"embeddable":true,"href":"https:\/\/agora.xtec.cat\/escolademusicsijpc\/wp-json\/wp\/v2\/users\/1"}],"replies":[{"embeddable":true,"href":"https:\/\/agora.xtec.cat\/escolademusicsijpc\/wp-json\/wp\/v2\/comments?post=2516"}],"version-history":[{"count":1,"href":"https:\/\/agora.xtec.cat\/escolademusicsijpc\/wp-json\/wp\/v2\/posts\/2516\/revisions"}],"predecessor-version":[{"id":5409,"href":"https:\/\/agora.xtec.cat\/escolademusicsijpc\/wp-json\/wp\/v2\/posts\/2516\/revisions\/5409"}],"wp:attachment":[{"href":"https:\/\/agora.xtec.cat\/escolademusicsijpc\/wp-json\/wp\/v2\/media?parent=2516"}],"wp:term":[{"taxonomy":"category","embeddable":true,"href":"https:\/\/agora.xtec.cat\/escolademusicsijpc\/wp-json\/wp\/v2\/categories?post=2516"},{"taxonomy":"post_tag","embeddable":true,"href":"https:\/\/agora.xtec.cat\/escolademusicsijpc\/wp-json\/wp\/v2\/tags?post=2516"}],"curies":[{"name":"wp","href":"https:\/\/api.w.org\/{rel}","templated":true}]}}