{"id":2500,"date":"2013-04-12T12:46:55","date_gmt":"2013-04-12T11:46:55","guid":{"rendered":"http:\/\/lescolademusicsijpc.wordpress.com\/?p=2500"},"modified":"2016-01-28T21:22:07","modified_gmt":"2016-01-28T20:22:07","slug":"musicat-%c2%b7-concert-de-guitarra","status":"publish","type":"post","link":"https:\/\/agora.xtec.cat\/escolademusicsijpc\/concerts\/musicat-%c2%b7-concert-de-guitarra\/","title":{"rendered":"Concert a c\u00e0rrec dels guanyadors del concurs de guitarra de L\u2019Escola de M\u00fasics i JPC del Raval"},"content":{"rendered":"<figure class=\"figure wp-caption alignright\"><img loading=\"lazy\" decoding=\"async\" class=\"size-full wp-image-2504\" src=\"http:\/\/agora.xtec.cat\/escolademusicsijpc\/wp-content\/uploads\/usu459\/2013\/04\/concertguitarracastello.gif\" alt=\"concert de guitarra\" width=\"141\" height=\"200\" \/><figcaption class=\"wp-caption-text\">concert de guitarra<\/figcaption><\/figure>\n<p>Dissabte 13 d&#8217;abril a les 12h al Centre C\u00edvic Can Castell\u00f3, 1-7 08021 Barcelona.<\/p>\n<p>Aquest mat\u00ed tenim el plaer de oferir-vos un concert diferent als altres. Els concertistes s\u00f3n joves int\u00e8rprets guanyadors del concurs de guitarra de L\u2019Escola de M\u00fasics i JPC del Raval.<\/p>\n<p>El premi d\u2019aquest concurs \u00e9s fer un recital de guitarra en diferents espais de Barcelona i avui aqu\u00ed a Can Castell\u00f3 aquests estudiants de m\u00fasica d\u2019entre 10 i 15 anys ens faran gaudir de les seves interpretacions amb la voluntat de fer arribar al p\u00fablic la millor m\u00fasica per a guitarra.<\/p>\n<p>Seieu, obriu tots els sentits i prepareu-vos per gaudir d\u2019aquestes <b>J<\/b>oves <b>P<\/b>romeses de <b>C<\/b>atalunya.<\/p>\n<p>Programa:<\/p>\n<p style=\"text-align: left;\" align=\"center\"><b><span style=\"text-decoration: underline;\">Iv\u00e1n de Mingo<\/span><\/b><\/p>\n<ul>\n<li>\n<div style=\"text-align: left;\" align=\"center\">Siciliana &#8212; M.Carcassi<\/div>\n<\/li>\n<li>\n<div style=\"text-align: left;\" align=\"center\">Etude &#8211;M.Giuliani<\/div>\n<\/li>\n<li>\n<div style=\"text-align: left;\" align=\"center\">Waltz &#8212; Meissonnier<\/div>\n<\/li>\n<li>\n<div style=\"text-align: left;\" align=\"center\">La Folia&#8211; R.Vidali<\/div>\n<\/li>\n<li>\n<div style=\"text-align: left;\" align=\"center\">Vals Espa\u00f1ol &#8212; Jos\u00e9 Ferrer<\/div>\n<\/li>\n<li>\n<div style=\"text-align: left;\" align=\"center\">Mazurka &#8212; Julio Sagreras<\/div>\n<\/li>\n<li>\n<div style=\"text-align: left;\" align=\"center\">Minuet &#8212; F. Sor<\/div>\n<\/li>\n<li>\n<div style=\"text-align: left;\" align=\"center\">Allegro Vivace. &#8212; M.Giuliani<\/div>\n<\/li>\n<li>\n<div style=\"text-align: left;\" align=\"center\">L\u00e1grima. &#8212; F.T\u00e0rrega<\/div>\n<\/li>\n<\/ul>\n<p style=\"text-align: left;\" align=\"center\"><b><span style=\"text-decoration: underline;\">Bruna Escol\u00e0<\/span><\/b><\/p>\n<ul>\n<li>\n<div style=\"text-align: left;\" align=\"center\">Canci\u00f3n de cuna (L. Brower)<\/div>\n<\/li>\n<li>\n<div style=\"text-align: left;\" align=\"center\">La Paxarina (D. Fortea)<\/div>\n<\/li>\n<li>\n<div style=\"text-align: left;\" align=\"center\">El paseo (E. Sainz de la Maza)<\/div>\n<\/li>\n<\/ul>\n<p style=\"text-align: left;\" align=\"center\">\u00a0<b><span style=\"text-decoration: underline;\">Daniel Garc\u00eda<\/span><\/b><\/p>\n<ul>\n<li>\n<div style=\"text-align: left;\" align=\"center\">Habanera E. S\u00e1inz de la Maza<\/div>\n<\/li>\n<li>\n<div style=\"text-align: left;\" align=\"center\">Danza caracter\u00edstica L. Brouwer<\/div>\n<\/li>\n<li>\n<div style=\"text-align: left;\" align=\"center\">Milonga J. Cardoso<\/div>\n<\/li>\n<\/ul>\n<p style=\"text-align: left;\" align=\"center\">\u00a0<b><span style=\"text-decoration: underline;\">V\u00edctor Manuel Gonz\u00e1lez<\/span><\/b><\/p>\n<ul>\n<li>\n<div style=\"text-align: left;\" align=\"center\">Elogio de la danza (L. Brower)<\/div>\n<\/li>\n<li>\n<div style=\"text-align: left;\" align=\"center\">Spatter the dew (tradicional)<\/div>\n<\/li>\n<li>\n<div style=\"text-align: left;\" align=\"center\">Vals (F. T\u00e1rrega)<\/div>\n<\/li>\n<\/ul>\n<p>Les places s\u00f3n limitades. Cal recollir l&#8217;entrada el mateix dia fins a quinze minuts abans de comen\u00e7ar l&#8217;actuaci\u00f3. Activitat gratu\u00efta.<\/p>\n","protected":false},"excerpt":{"rendered":"<p>concert de guitarra<br \/>\nDissabte 13 d&#8217;abril a les 12h al Centre C\u00edvic Can Castell\u00f3, 1-7 08021 Barcelona.<br \/>\nAquest mat\u00ed tenim el plaer de oferir-vos un concert diferent als altres. Els concertistes s\u00f3n joves int\u00e8rprets guanyadors del concurs de guitarra de L\u2019Escola de M\u00fasics i JPC del Raval.<br \/>\nEl&hellip;  <a href=\"https:\/\/agora.xtec.cat\/escolademusicsijpc\/concerts\/musicat-%c2%b7-concert-de-guitarra\/\" title=\"Read Concert a c\u00e0rrec dels guanyadors del concurs de guitarra de L\u2019Escola de M\u00fasics i JPC del Raval\">Llegeix m\u00e9s\u00bb<\/a><\/p>\n","protected":false},"author":1,"featured_media":2504,"comment_status":"open","ping_status":"open","sticky":false,"template":"","format":"standard","meta":{"_bbp_topic_count":0,"_bbp_reply_count":0,"_bbp_total_topic_count":0,"_bbp_total_reply_count":0,"_bbp_voice_count":0,"_bbp_anonymous_reply_count":0,"_bbp_topic_count_hidden":0,"_bbp_reply_count_hidden":0,"_bbp_forum_subforum_count":0,"footnotes":""},"categories":[63],"tags":[],"class_list":["post-2500","post","type-post","status-publish","format-standard","has-post-thumbnail","hentry","category-concerts"],"post_mailing_queue_ids":[],"_links":{"self":[{"href":"https:\/\/agora.xtec.cat\/escolademusicsijpc\/wp-json\/wp\/v2\/posts\/2500","targetHints":{"allow":["GET"]}}],"collection":[{"href":"https:\/\/agora.xtec.cat\/escolademusicsijpc\/wp-json\/wp\/v2\/posts"}],"about":[{"href":"https:\/\/agora.xtec.cat\/escolademusicsijpc\/wp-json\/wp\/v2\/types\/post"}],"author":[{"embeddable":true,"href":"https:\/\/agora.xtec.cat\/escolademusicsijpc\/wp-json\/wp\/v2\/users\/1"}],"replies":[{"embeddable":true,"href":"https:\/\/agora.xtec.cat\/escolademusicsijpc\/wp-json\/wp\/v2\/comments?post=2500"}],"version-history":[{"count":2,"href":"https:\/\/agora.xtec.cat\/escolademusicsijpc\/wp-json\/wp\/v2\/posts\/2500\/revisions"}],"predecessor-version":[{"id":4884,"href":"https:\/\/agora.xtec.cat\/escolademusicsijpc\/wp-json\/wp\/v2\/posts\/2500\/revisions\/4884"}],"wp:featuredmedia":[{"embeddable":true,"href":"https:\/\/agora.xtec.cat\/escolademusicsijpc\/wp-json\/wp\/v2\/media\/2504"}],"wp:attachment":[{"href":"https:\/\/agora.xtec.cat\/escolademusicsijpc\/wp-json\/wp\/v2\/media?parent=2500"}],"wp:term":[{"taxonomy":"category","embeddable":true,"href":"https:\/\/agora.xtec.cat\/escolademusicsijpc\/wp-json\/wp\/v2\/categories?post=2500"},{"taxonomy":"post_tag","embeddable":true,"href":"https:\/\/agora.xtec.cat\/escolademusicsijpc\/wp-json\/wp\/v2\/tags?post=2500"}],"curies":[{"name":"wp","href":"https:\/\/api.w.org\/{rel}","templated":true}]}}