{"id":2435,"date":"2013-03-12T17:21:56","date_gmt":"2013-03-12T16:21:56","guid":{"rendered":"http:\/\/lescolademusicsijpc.wordpress.com\/?p=2435"},"modified":"2016-01-29T18:21:36","modified_gmt":"2016-01-29T17:21:36","slug":"musicat","status":"publish","type":"post","link":"https:\/\/agora.xtec.cat\/escolademusicsijpc\/general\/musicat\/","title":{"rendered":"Musica&#8217;t"},"content":{"rendered":"<figure class=\"figure wp-caption alignright\"><img loading=\"lazy\" decoding=\"async\" class=\"size-full wp-image-2437\" src=\"http:\/\/agora.xtec.cat\/escolademusicsijpc\/wp-content\/uploads\/usu459\/2013\/03\/musicat.gif\" alt=\"minim\u00fasica't\" width=\"141\" height=\"200\" \/><figcaption class=\"wp-caption-text\">minim\u00fasica&#8217;t<\/figcaption><\/figure>\n<p><span style=\"font-family: Verdana; font-size: small;\">CAPRICCIO INFANTIL<br \/>\nCONTES MUSICATS minim\u00fasica&#8217;t<\/span><\/p>\n<p>Dissabte 16 de mar\u00e7 a les 18 hores per a tota la familia!<br \/>\nA c\u00e0rrec d&#8217; Irene Andreu, violoncel i Cristina Colomer, piano.<br \/>\nViur\u00e0s els contes de tota la vida a trav\u00e9s de can\u00e7ons d&#8217;ara i sempre, gaudint de noves aventures, sensacions i experi\u00e8ncies.<br \/>\nViu la m\u00fasica com un conte. Viu els contes amb la m\u00fasica.<\/p>\n<p>Les places s\u00f3n limitades. Activitat gratu\u00efta.<br \/>\nCal inscripci\u00f3 pr\u00e8via. Aquesta s&#8217;obrir\u00e0 des de quinze dies abans de cada concert. La podeu fer per tel\u00e8fon 932417874, via correu electr\u00f2nic infocancastello@gmail.com o presencialment al Centre C\u00edvic Can Castell Can Castell\u00f3, 1-7 08021 Barcelona<br \/>\nCal recollir l&#8217;entrada el mateix dissabte de 17 a 17.45 h.<\/p>\n<p>&nbsp;<\/p>\n","protected":false},"excerpt":{"rendered":"<p>minim\u00fasica&#8217;t<br \/>\nCAPRICCIO INFANTIL<br \/>\nCONTES MUSICATS minim\u00fasica&#8217;t<br \/>\nDissabte 16 de mar\u00e7 a les 18 hores per a tota la familia!<br \/>\nA c\u00e0rrec d&#8217; Irene Andreu, violoncel i Cristina Colomer, piano.<br \/>\nViur\u00e0s els contes de tota la vida a trav\u00e9s de can\u00e7ons d&#8217;ara i sempre, gaudint de noves aventures, sensacions i experi\u00e8ncies.<br \/>\nViu&hellip;  <a href=\"https:\/\/agora.xtec.cat\/escolademusicsijpc\/general\/musicat\/\" title=\"Read Musica&#8217;t\">Llegeix m\u00e9s\u00bb<\/a><\/p>\n","protected":false},"author":1,"featured_media":2437,"comment_status":"open","ping_status":"open","sticky":false,"template":"","format":"standard","meta":{"_bbp_topic_count":0,"_bbp_reply_count":0,"_bbp_total_topic_count":0,"_bbp_total_reply_count":0,"_bbp_voice_count":0,"_bbp_anonymous_reply_count":0,"_bbp_topic_count_hidden":0,"_bbp_reply_count_hidden":0,"_bbp_forum_subforum_count":0,"footnotes":""},"categories":[1],"tags":[],"class_list":["post-2435","post","type-post","status-publish","format-standard","has-post-thumbnail","hentry","category-general"],"post_mailing_queue_ids":[],"_links":{"self":[{"href":"https:\/\/agora.xtec.cat\/escolademusicsijpc\/wp-json\/wp\/v2\/posts\/2435","targetHints":{"allow":["GET"]}}],"collection":[{"href":"https:\/\/agora.xtec.cat\/escolademusicsijpc\/wp-json\/wp\/v2\/posts"}],"about":[{"href":"https:\/\/agora.xtec.cat\/escolademusicsijpc\/wp-json\/wp\/v2\/types\/post"}],"author":[{"embeddable":true,"href":"https:\/\/agora.xtec.cat\/escolademusicsijpc\/wp-json\/wp\/v2\/users\/1"}],"replies":[{"embeddable":true,"href":"https:\/\/agora.xtec.cat\/escolademusicsijpc\/wp-json\/wp\/v2\/comments?post=2435"}],"version-history":[{"count":2,"href":"https:\/\/agora.xtec.cat\/escolademusicsijpc\/wp-json\/wp\/v2\/posts\/2435\/revisions"}],"predecessor-version":[{"id":4912,"href":"https:\/\/agora.xtec.cat\/escolademusicsijpc\/wp-json\/wp\/v2\/posts\/2435\/revisions\/4912"}],"wp:featuredmedia":[{"embeddable":true,"href":"https:\/\/agora.xtec.cat\/escolademusicsijpc\/wp-json\/wp\/v2\/media\/2437"}],"wp:attachment":[{"href":"https:\/\/agora.xtec.cat\/escolademusicsijpc\/wp-json\/wp\/v2\/media?parent=2435"}],"wp:term":[{"taxonomy":"category","embeddable":true,"href":"https:\/\/agora.xtec.cat\/escolademusicsijpc\/wp-json\/wp\/v2\/categories?post=2435"},{"taxonomy":"post_tag","embeddable":true,"href":"https:\/\/agora.xtec.cat\/escolademusicsijpc\/wp-json\/wp\/v2\/tags?post=2435"}],"curies":[{"name":"wp","href":"https:\/\/api.w.org\/{rel}","templated":true}]}}