{"id":242,"date":"2009-07-18T19:41:25","date_gmt":"2009-07-18T18:41:25","guid":{"rendered":"http:\/\/escolademusicsjpc.wordpress.com\/?p=242"},"modified":"2009-07-18T19:41:25","modified_gmt":"2009-07-18T18:41:25","slug":"sing-sing-sing-macba-2009","status":"publish","type":"post","link":"https:\/\/agora.xtec.cat\/escolademusicsijpc\/grups\/ravals-band\/sing-sing-sing-macba-2009\/","title":{"rendered":"sing sing sing Macba 2009"},"content":{"rendered":"<p>[youtube=http:\/\/www.youtube.com\/watch?v=&#8211;G52PRwXvA]<br \/>\nTotes les festes majors tenen el seu sopar popular en qu\u00e8 els ve\u00efns porten alguna cosa feta de casa. A la del Raval tampoc hi podia faltar un, i com que els ve\u00efns s\u00f3n d\u2019or\u00edgens ben diferents el resultat ha estat un sopar amb sabors de tot el m\u00f3n. I per rematar la nit, les actuacions de la Raval\u2019s Band i Massala cultural Bollywood Center<\/p>\n","protected":false},"excerpt":{"rendered":"<p>[youtube=http:\/\/www.youtube.com\/watch?v=&#8211;G52PRwXvA]<br \/>\nTotes les festes majors tenen el seu sopar popular en qu\u00e8 els ve\u00efns porten alguna cosa feta de casa. A la del Raval tampoc hi podia faltar un, i com que els ve\u00efns s\u00f3n d\u2019or\u00edgens ben diferents el resultat ha estat un sopar amb sabors&hellip;  <a href=\"https:\/\/agora.xtec.cat\/escolademusicsijpc\/grups\/ravals-band\/sing-sing-sing-macba-2009\/\" title=\"Read sing sing sing Macba 2009\">Llegeix m\u00e9s\u00bb<\/a><\/p>\n","protected":false},"author":1,"featured_media":0,"comment_status":"open","ping_status":"closed","sticky":false,"template":"","format":"standard","meta":{"_bbp_topic_count":0,"_bbp_reply_count":0,"_bbp_total_topic_count":0,"_bbp_total_reply_count":0,"_bbp_voice_count":0,"_bbp_anonymous_reply_count":0,"_bbp_topic_count_hidden":0,"_bbp_reply_count_hidden":0,"_bbp_forum_subforum_count":0,"footnotes":""},"categories":[75],"tags":[81,96],"class_list":["post-242","post","type-post","status-publish","format-standard","hentry","category-ravals-band","tag-concert","tag-ravals"],"post_mailing_queue_ids":[],"_links":{"self":[{"href":"https:\/\/agora.xtec.cat\/escolademusicsijpc\/wp-json\/wp\/v2\/posts\/242","targetHints":{"allow":["GET"]}}],"collection":[{"href":"https:\/\/agora.xtec.cat\/escolademusicsijpc\/wp-json\/wp\/v2\/posts"}],"about":[{"href":"https:\/\/agora.xtec.cat\/escolademusicsijpc\/wp-json\/wp\/v2\/types\/post"}],"author":[{"embeddable":true,"href":"https:\/\/agora.xtec.cat\/escolademusicsijpc\/wp-json\/wp\/v2\/users\/1"}],"replies":[{"embeddable":true,"href":"https:\/\/agora.xtec.cat\/escolademusicsijpc\/wp-json\/wp\/v2\/comments?post=242"}],"version-history":[{"count":0,"href":"https:\/\/agora.xtec.cat\/escolademusicsijpc\/wp-json\/wp\/v2\/posts\/242\/revisions"}],"wp:attachment":[{"href":"https:\/\/agora.xtec.cat\/escolademusicsijpc\/wp-json\/wp\/v2\/media?parent=242"}],"wp:term":[{"taxonomy":"category","embeddable":true,"href":"https:\/\/agora.xtec.cat\/escolademusicsijpc\/wp-json\/wp\/v2\/categories?post=242"},{"taxonomy":"post_tag","embeddable":true,"href":"https:\/\/agora.xtec.cat\/escolademusicsijpc\/wp-json\/wp\/v2\/tags?post=242"}],"curies":[{"name":"wp","href":"https:\/\/api.w.org\/{rel}","templated":true}]}}