{"id":2355,"date":"2013-01-18T16:28:34","date_gmt":"2013-01-18T15:28:34","guid":{"rendered":"http:\/\/lescolademusicsijpc.wordpress.com\/?p=2355"},"modified":"2016-01-29T18:32:32","modified_gmt":"2016-01-29T17:32:32","slug":"caltres-trio-de-metall","status":"publish","type":"post","link":"https:\/\/agora.xtec.cat\/escolademusicsijpc\/general\/caltres-trio-de-metall\/","title":{"rendered":"CALtres Trio de metall"},"content":{"rendered":"<figure class=\"figure wp-caption alignright\"><img loading=\"lazy\" decoding=\"async\" class=\"size-full wp-image-2358\" src=\"http:\/\/agora.xtec.cat\/escolademusicsijpc\/wp-content\/uploads\/usu459\/2013\/01\/rutes.gif\" alt=\"CALtres\" width=\"100\" height=\"200\" \/><figcaption class=\"wp-caption-text\">CALtres<\/figcaption><\/figure>\n<ul>\n<li>C\u00e9sar Femenia (trompeta)<\/li>\n<li>Arturo Nogu\u00e9s (trompa)<\/li>\n<li>Lu\u00eds Belver (tromb\u00f3)<\/li>\n<\/ul>\n<p>Dijous 24\/01 a les 20h al Centre C\u00edvic Cotxeres Borrell, c\/Viladomat n\u00ba2-8<\/p>\n<p>Es van con\u00e8ixer treballant al Liceu i creen el grup amb la intenci\u00f3 de gaudir tocant i donar a con\u00e8ixer la m\u00fasica per a aquesta formaci\u00f3, sentint-se compromesos amb la necessitat de donar una visi\u00f3 m\u00e9s \u00e0mplia de les possibilitats musicals d\u2019aquests tres instruments.<\/p>\n<p>El repertori dels concerts \u00e9s molt variat, presentant un gran ventall de possibilitats per a tots els p\u00fablics. Va des de la interpretaci\u00f3 de compositors cl\u00e0ssics fins als nostres contemporanis, passant per arranjaments de peces cl\u00e0ssiques de tots els estils i \u00e8poques fins a peces de jazz o de bandes sonores.<\/p>\n<ul>\n<li>Espectacle grat\u00fcit<\/li>\n<li>Cal reservar entrades al tel: 933248350<\/li>\n<li><a href=\"http:\/\/www.cotxeresborrell.net\/\">www.cotxeresborrell.net<\/a><\/li>\n<\/ul>\n","protected":false},"excerpt":{"rendered":"<p>CALtres<\/p>\n<ul>\n<li>C\u00e9sar Femenia (trompeta)<\/li>\n<li>Arturo Nogu\u00e9s (trompa)<\/li>\n<li>Lu\u00eds Belver (tromb\u00f3)<\/li>\n<\/ul>\n<p>Dijous 24\/01 a les 20h al Centre C\u00edvic Cotxeres Borrell, c\/Viladomat n\u00ba2-8<br \/>\nEs van con\u00e8ixer treballant al Liceu i creen el grup amb la intenci\u00f3 de gaudir tocant i donar a con\u00e8ixer la m\u00fasica per a aquesta formaci\u00f3, sentint-se compromesos&hellip;  <a href=\"https:\/\/agora.xtec.cat\/escolademusicsijpc\/general\/caltres-trio-de-metall\/\" title=\"Read CALtres Trio de metall\">Llegeix m\u00e9s\u00bb<\/a><\/p>\n","protected":false},"author":1,"featured_media":2358,"comment_status":"open","ping_status":"open","sticky":false,"template":"","format":"standard","meta":{"_bbp_topic_count":0,"_bbp_reply_count":0,"_bbp_total_topic_count":0,"_bbp_total_reply_count":0,"_bbp_voice_count":0,"_bbp_anonymous_reply_count":0,"_bbp_topic_count_hidden":0,"_bbp_reply_count_hidden":0,"_bbp_forum_subforum_count":0,"footnotes":""},"categories":[1],"tags":[],"class_list":["post-2355","post","type-post","status-publish","format-standard","has-post-thumbnail","hentry","category-general"],"post_mailing_queue_ids":[],"_links":{"self":[{"href":"https:\/\/agora.xtec.cat\/escolademusicsijpc\/wp-json\/wp\/v2\/posts\/2355","targetHints":{"allow":["GET"]}}],"collection":[{"href":"https:\/\/agora.xtec.cat\/escolademusicsijpc\/wp-json\/wp\/v2\/posts"}],"about":[{"href":"https:\/\/agora.xtec.cat\/escolademusicsijpc\/wp-json\/wp\/v2\/types\/post"}],"author":[{"embeddable":true,"href":"https:\/\/agora.xtec.cat\/escolademusicsijpc\/wp-json\/wp\/v2\/users\/1"}],"replies":[{"embeddable":true,"href":"https:\/\/agora.xtec.cat\/escolademusicsijpc\/wp-json\/wp\/v2\/comments?post=2355"}],"version-history":[{"count":2,"href":"https:\/\/agora.xtec.cat\/escolademusicsijpc\/wp-json\/wp\/v2\/posts\/2355\/revisions"}],"predecessor-version":[{"id":4921,"href":"https:\/\/agora.xtec.cat\/escolademusicsijpc\/wp-json\/wp\/v2\/posts\/2355\/revisions\/4921"}],"wp:featuredmedia":[{"embeddable":true,"href":"https:\/\/agora.xtec.cat\/escolademusicsijpc\/wp-json\/wp\/v2\/media\/2358"}],"wp:attachment":[{"href":"https:\/\/agora.xtec.cat\/escolademusicsijpc\/wp-json\/wp\/v2\/media?parent=2355"}],"wp:term":[{"taxonomy":"category","embeddable":true,"href":"https:\/\/agora.xtec.cat\/escolademusicsijpc\/wp-json\/wp\/v2\/categories?post=2355"},{"taxonomy":"post_tag","embeddable":true,"href":"https:\/\/agora.xtec.cat\/escolademusicsijpc\/wp-json\/wp\/v2\/tags?post=2355"}],"curies":[{"name":"wp","href":"https:\/\/api.w.org\/{rel}","templated":true}]}}