{"id":2348,"date":"2013-01-19T17:18:19","date_gmt":"2013-01-19T16:18:19","guid":{"rendered":"http:\/\/lescolademusicsijpc.wordpress.com\/?p=2348"},"modified":"2016-01-29T18:30:09","modified_gmt":"2016-01-29T17:30:09","slug":"duo-capriccio","status":"publish","type":"post","link":"https:\/\/agora.xtec.cat\/escolademusicsijpc\/general\/duo-capriccio\/","title":{"rendered":"Duo Capriccio"},"content":{"rendered":"<figure class=\"figure wp-caption alignright\"><img loading=\"lazy\" decoding=\"async\" class=\"size-full wp-image-2350\" src=\"http:\/\/agora.xtec.cat\/escolademusicsijpc\/wp-content\/uploads\/usu459\/2013\/01\/duo-capriccio.gif\" alt=\"Cristina i Irene\" width=\"141\" height=\"200\" \/><figcaption class=\"wp-caption-text\">Cristina i Irene<\/figcaption><\/figure>\n<p style=\"text-align: left;\" align=\"center\">Irene Andreu, violoncel i Cristina Colomer, piano.<\/p>\n<p style=\"text-align: left;\" align=\"center\">Divendres 25 de gener a les 19.h<br \/>\nEspai: Golferichs\u00a0c\/Gran Via, 491<\/p>\n<p style=\"text-align: left;\" align=\"center\">Dues veus diferents, dos colors contrastats, dos llenguatges que es complementen, dues harmonies que s\u2019uneixen i esdevenen una de sola.<\/p>\n<p style=\"text-align: left;\">Dos instruments que expliquen una mateixa hist\u00f2ria i que canten la mateixa m\u00fasica. Escoltarem obres de Brahms, Bruch, Rachmaninov, Faur\u00e9, Piazzolla&#8230;.<\/p>\n<ul>\n<li>Entrada lliure. Cal reserva\u00a0pr\u00e8via, les places s\u00f3n limitades.<\/li>\n<li>Reserva d\u2019entrades: a partir\u00a0del dilluns de la setmana corresponent.<\/li>\n<li>Les entrades no recollides\u00a015 minuts abans de l\u2019inici perdran la reserva.<\/li>\n<li>No es permetr\u00e0 l\u2019acc\u00e9s a la sala un cop comen\u00e7ada la funci\u00f3.<\/li>\n<li>Reserves (de 10 a 20 h):<\/li>\n<li>Per tel\u00e8fon: 93 323 77 90<\/li>\n<\/ul>\n<p align=\"center\">\n","protected":false},"excerpt":{"rendered":"<p>Cristina i Irene<br \/>\nIrene Andreu, violoncel i Cristina Colomer, piano.<br \/>\nDivendres 25 de gener a les 19.h<br \/>\nEspai: Golferichs\u00a0c\/Gran Via, 491<br \/>\nDues veus diferents, dos colors contrastats, dos llenguatges que es complementen, dues harmonies que s\u2019uneixen i esdevenen una de sola.<br \/>\nDos instruments que expliquen una mateixa hist\u00f2ria i que&hellip;  <a href=\"https:\/\/agora.xtec.cat\/escolademusicsijpc\/general\/duo-capriccio\/\" title=\"Read Duo Capriccio\">Llegeix m\u00e9s\u00bb<\/a><\/p>\n","protected":false},"author":1,"featured_media":2350,"comment_status":"open","ping_status":"open","sticky":false,"template":"","format":"standard","meta":{"_bbp_topic_count":0,"_bbp_reply_count":0,"_bbp_total_topic_count":0,"_bbp_total_reply_count":0,"_bbp_voice_count":0,"_bbp_anonymous_reply_count":0,"_bbp_topic_count_hidden":0,"_bbp_reply_count_hidden":0,"_bbp_forum_subforum_count":0,"footnotes":""},"categories":[1],"tags":[],"class_list":["post-2348","post","type-post","status-publish","format-standard","has-post-thumbnail","hentry","category-general"],"post_mailing_queue_ids":[],"_links":{"self":[{"href":"https:\/\/agora.xtec.cat\/escolademusicsijpc\/wp-json\/wp\/v2\/posts\/2348","targetHints":{"allow":["GET"]}}],"collection":[{"href":"https:\/\/agora.xtec.cat\/escolademusicsijpc\/wp-json\/wp\/v2\/posts"}],"about":[{"href":"https:\/\/agora.xtec.cat\/escolademusicsijpc\/wp-json\/wp\/v2\/types\/post"}],"author":[{"embeddable":true,"href":"https:\/\/agora.xtec.cat\/escolademusicsijpc\/wp-json\/wp\/v2\/users\/1"}],"replies":[{"embeddable":true,"href":"https:\/\/agora.xtec.cat\/escolademusicsijpc\/wp-json\/wp\/v2\/comments?post=2348"}],"version-history":[{"count":2,"href":"https:\/\/agora.xtec.cat\/escolademusicsijpc\/wp-json\/wp\/v2\/posts\/2348\/revisions"}],"predecessor-version":[{"id":4919,"href":"https:\/\/agora.xtec.cat\/escolademusicsijpc\/wp-json\/wp\/v2\/posts\/2348\/revisions\/4919"}],"wp:featuredmedia":[{"embeddable":true,"href":"https:\/\/agora.xtec.cat\/escolademusicsijpc\/wp-json\/wp\/v2\/media\/2350"}],"wp:attachment":[{"href":"https:\/\/agora.xtec.cat\/escolademusicsijpc\/wp-json\/wp\/v2\/media?parent=2348"}],"wp:term":[{"taxonomy":"category","embeddable":true,"href":"https:\/\/agora.xtec.cat\/escolademusicsijpc\/wp-json\/wp\/v2\/categories?post=2348"},{"taxonomy":"post_tag","embeddable":true,"href":"https:\/\/agora.xtec.cat\/escolademusicsijpc\/wp-json\/wp\/v2\/tags?post=2348"}],"curies":[{"name":"wp","href":"https:\/\/api.w.org\/{rel}","templated":true}]}}