{"id":2310,"date":"2012-12-12T21:39:51","date_gmt":"2012-12-12T20:39:51","guid":{"rendered":"http:\/\/lescolademusicsijpc.wordpress.com\/?p=2310"},"modified":"2016-01-27T19:08:02","modified_gmt":"2016-01-27T18:08:02","slug":"combos-grups-instrumentals-i-cant","status":"publish","type":"post","link":"https:\/\/agora.xtec.cat\/escolademusicsijpc\/audicions-alumnes\/combos-grups-instrumentals-i-cant\/","title":{"rendered":"Combos, Grups Instrumentals i Cant"},"content":{"rendered":"<figure class=\"figure wp-caption alignright\"><img loading=\"lazy\" decoding=\"async\" class=\"size-full wp-image-2311\" src=\"http:\/\/agora.xtec.cat\/escolademusicsijpc\/wp-content\/uploads\/usu459\/2012\/12\/combos.gif\" alt=\"Audicions de Nadal\" width=\"141\" height=\"200\" \/><figcaption class=\"wp-caption-text\">Audicions de Nadal<\/figcaption><\/figure>\n<p>Com cada any els alumnes de l&#8217;Escola de M\u00fasics i Escola de M\u00fascia JPC actuaran en espais cedits per diverses entitats dels barri del Raval. Aquest ser\u00e0 el seg\u00fcent programa:<\/p>\n<ul>\n<li>Dimarts 18 de desembre Combos i Grups Instrumentals al Centre C\u00edvic Drassanes<br \/>\nC\/Nou de La Rambla, 43<\/li>\n<\/ul>\n<p>&nbsp;<\/p>\n<ul>\n<li>Dimecres 19 de desembre Combos, Grups Instrumentals i Cant al Centre C\u00edvic Drassanes<br \/>\nC\/Nou de La Rambla, 43<\/li>\n<\/ul>\n<p>&nbsp;<\/p>\n<ul>\n<li>Dijous 20 de desembre Grups Instrumentals de Corda al Casal de Barri<br \/>\nC\/Reina Am\u00e0lia, 31<\/li>\n<li>Cantada de Nadales a les 17:30. Comen\u00e7ar\u00e0 al Palau de la Virreina. Recorregut pel C\/del Carme i C\/Riera Alta i acabar\u00e0 a la Pla\u00e7a Pedr\u00f3.<\/li>\n<\/ul>\n","protected":false},"excerpt":{"rendered":"<p>Audicions de Nadal<br \/>\nCom cada any els alumnes de l&#8217;Escola de M\u00fasics i Escola de M\u00fascia JPC actuaran en espais cedits per diverses entitats dels barri del Raval. Aquest ser\u00e0 el seg\u00fcent programa:<\/p>\n<ul>\n<li>Dimarts 18 de desembre Combos i Grups Instrumentals al Centre C\u00edvic Drassanes<br \/>\nC\/Nou de La&hellip;  <a href=\"https:\/\/agora.xtec.cat\/escolademusicsijpc\/audicions-alumnes\/combos-grups-instrumentals-i-cant\/\" title=\"Read Combos, Grups Instrumentals i Cant\">Llegeix m\u00e9s\u00bb<\/a><\/p>\n","protected":false},"author":1,"featured_media":2311,"comment_status":"open","ping_status":"open","sticky":false,"template":"","format":"standard","meta":{"_bbp_topic_count":0,"_bbp_reply_count":0,"_bbp_total_topic_count":0,"_bbp_total_reply_count":0,"_bbp_voice_count":0,"_bbp_anonymous_reply_count":0,"_bbp_topic_count_hidden":0,"_bbp_reply_count_hidden":0,"_bbp_forum_subforum_count":0,"footnotes":""},"categories":[59,62,63],"tags":[],"class_list":["post-2310","post","type-post","status-publish","format-standard","has-post-thumbnail","hentry","category-audicions-alumnes","category-combos","category-concerts"],"post_mailing_queue_ids":[],"_links":{"self":[{"href":"https:\/\/agora.xtec.cat\/escolademusicsijpc\/wp-json\/wp\/v2\/posts\/2310","targetHints":{"allow":["GET"]}}],"collection":[{"href":"https:\/\/agora.xtec.cat\/escolademusicsijpc\/wp-json\/wp\/v2\/posts"}],"about":[{"href":"https:\/\/agora.xtec.cat\/escolademusicsijpc\/wp-json\/wp\/v2\/types\/post"}],"author":[{"embeddable":true,"href":"https:\/\/agora.xtec.cat\/escolademusicsijpc\/wp-json\/wp\/v2\/users\/1"}],"replies":[{"embeddable":true,"href":"https:\/\/agora.xtec.cat\/escolademusicsijpc\/wp-json\/wp\/v2\/comments?post=2310"}],"version-history":[{"count":2,"href":"https:\/\/agora.xtec.cat\/escolademusicsijpc\/wp-json\/wp\/v2\/posts\/2310\/revisions"}],"predecessor-version":[{"id":4723,"href":"https:\/\/agora.xtec.cat\/escolademusicsijpc\/wp-json\/wp\/v2\/posts\/2310\/revisions\/4723"}],"wp:featuredmedia":[{"embeddable":true,"href":"https:\/\/agora.xtec.cat\/escolademusicsijpc\/wp-json\/wp\/v2\/media\/2311"}],"wp:attachment":[{"href":"https:\/\/agora.xtec.cat\/escolademusicsijpc\/wp-json\/wp\/v2\/media?parent=2310"}],"wp:term":[{"taxonomy":"category","embeddable":true,"href":"https:\/\/agora.xtec.cat\/escolademusicsijpc\/wp-json\/wp\/v2\/categories?post=2310"},{"taxonomy":"post_tag","embeddable":true,"href":"https:\/\/agora.xtec.cat\/escolademusicsijpc\/wp-json\/wp\/v2\/tags?post=2310"}],"curies":[{"name":"wp","href":"https:\/\/api.w.org\/{rel}","templated":true}]}}