{"id":2296,"date":"2012-12-04T19:43:03","date_gmt":"2012-12-04T18:43:03","guid":{"rendered":"http:\/\/lescolademusicsijpc.wordpress.com\/?p=2296"},"modified":"2016-02-29T19:52:42","modified_gmt":"2016-02-29T18:52:42","slug":"concert-benefic","status":"publish","type":"post","link":"https:\/\/agora.xtec.cat\/escolademusicsijpc\/grups\/raval-simfonic\/concert-benefic\/","title":{"rendered":"Concert Ben\u00e8fic"},"content":{"rendered":"<figure class=\"figure wp-caption alignright\"><img loading=\"lazy\" decoding=\"async\" class=\"size-full wp-image-2297\" src=\"http:\/\/agora.xtec.cat\/escolademusicsijpc\/wp-content\/uploads\/usu459\/2012\/12\/adra.gif\" alt=\"Associaci\u00f3 ADRA\" width=\"141\" height=\"200\" \/><figcaption class=\"wp-caption-text\">Associaci\u00f3 ADRA<\/figcaption><\/figure>\n<p>El dissabte 15 de desembre actuaran la Raval&#8217;s Band i la Raval Simf\u00f2nic en un concert ben\u00e8fic per l&#8217;Associaci\u00f3 ADRA. A les 18h al carrer Urgell\u00a0 n\u00ba133. No hi falteu!<\/p>\n","protected":false},"excerpt":{"rendered":"<p>Associaci\u00f3 ADRA<br \/>\nEl dissabte 15 de desembre actuaran la Raval&#8217;s Band i la Raval Simf\u00f2nic en un concert ben\u00e8fic per l&#8217;Associaci\u00f3 ADRA. A les 18h al carrer Urgell\u00a0 n\u00ba133. No hi falteu!<\/p>\n","protected":false},"author":1,"featured_media":2297,"comment_status":"open","ping_status":"open","sticky":false,"template":"","format":"standard","meta":{"_bbp_topic_count":0,"_bbp_reply_count":0,"_bbp_total_topic_count":0,"_bbp_total_reply_count":0,"_bbp_voice_count":0,"_bbp_anonymous_reply_count":0,"_bbp_topic_count_hidden":0,"_bbp_reply_count_hidden":0,"_bbp_forum_subforum_count":0,"footnotes":""},"categories":[74,75,104],"tags":[],"class_list":["post-2296","post","type-post","status-publish","format-standard","has-post-thumbnail","hentry","category-raval-simfonic","category-ravals-band","category-uncategorized"],"post_mailing_queue_ids":[],"_links":{"self":[{"href":"https:\/\/agora.xtec.cat\/escolademusicsijpc\/wp-json\/wp\/v2\/posts\/2296","targetHints":{"allow":["GET"]}}],"collection":[{"href":"https:\/\/agora.xtec.cat\/escolademusicsijpc\/wp-json\/wp\/v2\/posts"}],"about":[{"href":"https:\/\/agora.xtec.cat\/escolademusicsijpc\/wp-json\/wp\/v2\/types\/post"}],"author":[{"embeddable":true,"href":"https:\/\/agora.xtec.cat\/escolademusicsijpc\/wp-json\/wp\/v2\/users\/1"}],"replies":[{"embeddable":true,"href":"https:\/\/agora.xtec.cat\/escolademusicsijpc\/wp-json\/wp\/v2\/comments?post=2296"}],"version-history":[{"count":2,"href":"https:\/\/agora.xtec.cat\/escolademusicsijpc\/wp-json\/wp\/v2\/posts\/2296\/revisions"}],"predecessor-version":[{"id":5472,"href":"https:\/\/agora.xtec.cat\/escolademusicsijpc\/wp-json\/wp\/v2\/posts\/2296\/revisions\/5472"}],"wp:featuredmedia":[{"embeddable":true,"href":"https:\/\/agora.xtec.cat\/escolademusicsijpc\/wp-json\/wp\/v2\/media\/2297"}],"wp:attachment":[{"href":"https:\/\/agora.xtec.cat\/escolademusicsijpc\/wp-json\/wp\/v2\/media?parent=2296"}],"wp:term":[{"taxonomy":"category","embeddable":true,"href":"https:\/\/agora.xtec.cat\/escolademusicsijpc\/wp-json\/wp\/v2\/categories?post=2296"},{"taxonomy":"post_tag","embeddable":true,"href":"https:\/\/agora.xtec.cat\/escolademusicsijpc\/wp-json\/wp\/v2\/tags?post=2296"}],"curies":[{"name":"wp","href":"https:\/\/api.w.org\/{rel}","templated":true}]}}