{"id":2279,"date":"2012-11-23T16:04:38","date_gmt":"2012-11-23T15:04:38","guid":{"rendered":"http:\/\/lescolademusicsijpc.wordpress.com\/?p=2279"},"modified":"2016-01-29T17:51:26","modified_gmt":"2016-01-29T16:51:26","slug":"rockin-america","status":"publish","type":"post","link":"https:\/\/agora.xtec.cat\/escolademusicsijpc\/concerts\/rockin-america\/","title":{"rendered":"ROCKIN&#8217; AMERICA"},"content":{"rendered":"<figure class=\"figure wp-caption alignright\"><img loading=\"lazy\" decoding=\"async\" class=\"size-full wp-image-2280\" title=\"Rockin-America-cartell-publi03\" src=\"http:\/\/agora.xtec.cat\/escolademusicsijpc\/wp-content\/uploads\/usu459\/2012\/11\/rockin-america-cartell-publi03.gif\" alt=\"\" width=\"141\" height=\"200\" \/><figcaption class=\"wp-caption-text\">Cartell<\/figcaption><\/figure>\n<ul>\n<li>Cor de Cambra Tornaveu<\/li>\n<li>Combo de L&#8217;Escola de M\u00fasics i JPC<\/li>\n<li>Jazz Dance Company<\/li>\n<\/ul>\n<p>Concert el dissabte 1 de Desembre del 2012 a les 20:00 a l&#8217;Espai Maragall, Centre C\u00edvic per a les Arts Esc\u00e8niques de Gav\u00e0 .<\/p>\n","protected":false},"excerpt":{"rendered":"<p>Cartell<\/p>\n<ul>\n<li>Cor de Cambra Tornaveu<\/li>\n<li>Combo de L&#8217;Escola de M\u00fasics i JPC<\/li>\n<li>Jazz Dance Company<\/li>\n<\/ul>\n<p>Concert el dissabte 1 de Desembre del 2012 a les 20:00 a l&#8217;Espai Maragall, Centre C\u00edvic per a les Arts Esc\u00e8niques de Gav\u00e0 .<\/p>\n","protected":false},"author":1,"featured_media":2280,"comment_status":"open","ping_status":"open","sticky":false,"template":"","format":"standard","meta":{"_bbp_topic_count":0,"_bbp_reply_count":0,"_bbp_total_topic_count":0,"_bbp_total_reply_count":0,"_bbp_voice_count":0,"_bbp_anonymous_reply_count":0,"_bbp_topic_count_hidden":0,"_bbp_reply_count_hidden":0,"_bbp_forum_subforum_count":0,"footnotes":""},"categories":[63],"tags":[],"class_list":["post-2279","post","type-post","status-publish","format-standard","has-post-thumbnail","hentry","category-concerts"],"post_mailing_queue_ids":[],"_links":{"self":[{"href":"https:\/\/agora.xtec.cat\/escolademusicsijpc\/wp-json\/wp\/v2\/posts\/2279","targetHints":{"allow":["GET"]}}],"collection":[{"href":"https:\/\/agora.xtec.cat\/escolademusicsijpc\/wp-json\/wp\/v2\/posts"}],"about":[{"href":"https:\/\/agora.xtec.cat\/escolademusicsijpc\/wp-json\/wp\/v2\/types\/post"}],"author":[{"embeddable":true,"href":"https:\/\/agora.xtec.cat\/escolademusicsijpc\/wp-json\/wp\/v2\/users\/1"}],"replies":[{"embeddable":true,"href":"https:\/\/agora.xtec.cat\/escolademusicsijpc\/wp-json\/wp\/v2\/comments?post=2279"}],"version-history":[{"count":2,"href":"https:\/\/agora.xtec.cat\/escolademusicsijpc\/wp-json\/wp\/v2\/posts\/2279\/revisions"}],"predecessor-version":[{"id":4895,"href":"https:\/\/agora.xtec.cat\/escolademusicsijpc\/wp-json\/wp\/v2\/posts\/2279\/revisions\/4895"}],"wp:featuredmedia":[{"embeddable":true,"href":"https:\/\/agora.xtec.cat\/escolademusicsijpc\/wp-json\/wp\/v2\/media\/2280"}],"wp:attachment":[{"href":"https:\/\/agora.xtec.cat\/escolademusicsijpc\/wp-json\/wp\/v2\/media?parent=2279"}],"wp:term":[{"taxonomy":"category","embeddable":true,"href":"https:\/\/agora.xtec.cat\/escolademusicsijpc\/wp-json\/wp\/v2\/categories?post=2279"},{"taxonomy":"post_tag","embeddable":true,"href":"https:\/\/agora.xtec.cat\/escolademusicsijpc\/wp-json\/wp\/v2\/tags?post=2279"}],"curies":[{"name":"wp","href":"https:\/\/api.w.org\/{rel}","templated":true}]}}