{"id":2008,"date":"2012-10-05T09:12:16","date_gmt":"2012-10-05T08:12:16","guid":{"rendered":"http:\/\/lescolademusicsijpc.wordpress.com\/?p=2008"},"modified":"2016-01-29T17:56:34","modified_gmt":"2016-01-29T16:56:34","slug":"musica-de-jazz","status":"publish","type":"post","link":"https:\/\/agora.xtec.cat\/escolademusicsijpc\/concerts\/musica-de-jazz\/","title":{"rendered":"M\u00fasica de Jazz"},"content":{"rendered":"<div>\n<figure class=\"figure wp-caption alignright\"><img loading=\"lazy\" decoding=\"async\" class=\"size-full wp-image-2010\" title=\"Jordi Partal i V\u00edctor Oller\" src=\"http:\/\/agora.xtec.cat\/escolademusicsijpc\/wp-content\/uploads\/usu459\/2012\/10\/jordi-i-victor.gif\" alt=\"\" width=\"200\" height=\"150\" \/><figcaption class=\"wp-caption-text\">M\u00fasica de Jazz<\/figcaption><\/figure>\n<p>El proper 8 d&#8217;Octubre tindrem l&#8217;oportunitat d&#8217;escoltar altre cop junts en V\u00edctor Oller i Jordi Partal interpretant un repertori de jazz al centre Sant Pere Ap\u00f2stol, al carrer Sant Pere m\u00e9s Alt n\u00ba25 a les 20:00h. No us ho podeu perdre!<\/p>\n<\/div>\n<div><\/div>\n<div>Repertori:<\/div>\n<div><\/div>\n<p><strong>Jordi Partal i V\u00edctor Oller duo<\/strong><\/p>\n<p><strong>\u00a0<\/strong><\/p>\n<p><strong>Take the A Train \u2013 <\/strong>Billy Strayhorn<\/p>\n<p><strong>All the Things You Are <\/strong>\u2013 Jerome Kern &amp; Oscar Hammerstein<\/p>\n<p><strong>A Night in Tunisia<\/strong> \u2013 Dizzy Gillespie<\/p>\n<p><strong>All of Me<\/strong> \u2013 Gerald Marks &amp; Seymour Simons<\/p>\n<p><strong>Anthropology<\/strong> \u2013 Charlie Parker &amp; Dizzy Gillespie<\/p>\n<p><strong>Fly Me to the Moon<\/strong> \u2013 Bart Howard<\/p>\n<p><strong>Lullaby of Birdland<\/strong> \u2013 George Shearing &amp; George David Weiss<\/p>\n<p><strong>Summertime <\/strong>\u2013 George Gershwin &amp; Ira Gershwin<\/p>\n<p><strong>On the Sunny Side of the Street<\/strong> \u2013 Jimmy McHugh &amp; Dorothy Fields<\/p>\n<p><strong>Here\u2019s That Rainy Day<\/strong> \u2013 Jimmy Van Heusen &amp; Johnny Burke<\/p>\n<p>Es van con\u00e8ixer en un duet acad\u00e8mic de L\u2019Escola de M\u00fasics tocant <em>Here\u2019s That Rainy Day<\/em>, una balada preciosa que van enregistrar amb uns 12 anys. Despr\u00e9s d\u2019aquella trobada, van seguir tocant en un combo de l\u2019escola i encara no han parat. El Jordi estudia el Grau Superior de saxo al Taller de M\u00fasics i el V\u00edctor est\u00e0 acabant Traducci\u00f3 i Interpretaci\u00f3, alhora que es prepara per a les proves de Superior de piano a l\u2019estranger. El concert que ens oferiran inclou temes de diversos compositors i de diferents \u00e8poques; des del swing fins al cool jazz, passant pel fren\u00e8tic bebop. Peces que ens faran descobrir i cl\u00e0ssics que recordem de tota la vida&#8230; En definitiva, un concert miscel\u00b7l\u00e0nia que resumeix una part de la hist\u00f2ria del jazz.<\/p>\n","protected":false},"excerpt":{"rendered":"<p>M\u00fasica de Jazz<br \/>\nEl proper 8 d&#8217;Octubre tindrem l&#8217;oportunitat d&#8217;escoltar altre cop junts en V\u00edctor Oller i Jordi Partal interpretant un repertori de jazz al centre Sant Pere Ap\u00f2stol, al carrer Sant Pere m\u00e9s Alt n\u00ba25 a les 20:00h. No us ho podeu perdre!<\/p>\n<p>Repertori:<\/p>\n<p>Jordi Partal i&hellip;  <a href=\"https:\/\/agora.xtec.cat\/escolademusicsijpc\/concerts\/musica-de-jazz\/\" title=\"Read M\u00fasica de Jazz\">Llegeix m\u00e9s\u00bb<\/a><\/p>\n","protected":false},"author":1,"featured_media":2010,"comment_status":"open","ping_status":"open","sticky":false,"template":"","format":"standard","meta":{"_bbp_topic_count":0,"_bbp_reply_count":0,"_bbp_total_topic_count":0,"_bbp_total_reply_count":0,"_bbp_voice_count":0,"_bbp_anonymous_reply_count":0,"_bbp_topic_count_hidden":0,"_bbp_reply_count_hidden":0,"_bbp_forum_subforum_count":0,"footnotes":""},"categories":[63],"tags":[],"class_list":["post-2008","post","type-post","status-publish","format-standard","has-post-thumbnail","hentry","category-concerts"],"post_mailing_queue_ids":[],"_links":{"self":[{"href":"https:\/\/agora.xtec.cat\/escolademusicsijpc\/wp-json\/wp\/v2\/posts\/2008","targetHints":{"allow":["GET"]}}],"collection":[{"href":"https:\/\/agora.xtec.cat\/escolademusicsijpc\/wp-json\/wp\/v2\/posts"}],"about":[{"href":"https:\/\/agora.xtec.cat\/escolademusicsijpc\/wp-json\/wp\/v2\/types\/post"}],"author":[{"embeddable":true,"href":"https:\/\/agora.xtec.cat\/escolademusicsijpc\/wp-json\/wp\/v2\/users\/1"}],"replies":[{"embeddable":true,"href":"https:\/\/agora.xtec.cat\/escolademusicsijpc\/wp-json\/wp\/v2\/comments?post=2008"}],"version-history":[{"count":2,"href":"https:\/\/agora.xtec.cat\/escolademusicsijpc\/wp-json\/wp\/v2\/posts\/2008\/revisions"}],"predecessor-version":[{"id":4899,"href":"https:\/\/agora.xtec.cat\/escolademusicsijpc\/wp-json\/wp\/v2\/posts\/2008\/revisions\/4899"}],"wp:featuredmedia":[{"embeddable":true,"href":"https:\/\/agora.xtec.cat\/escolademusicsijpc\/wp-json\/wp\/v2\/media\/2010"}],"wp:attachment":[{"href":"https:\/\/agora.xtec.cat\/escolademusicsijpc\/wp-json\/wp\/v2\/media?parent=2008"}],"wp:term":[{"taxonomy":"category","embeddable":true,"href":"https:\/\/agora.xtec.cat\/escolademusicsijpc\/wp-json\/wp\/v2\/categories?post=2008"},{"taxonomy":"post_tag","embeddable":true,"href":"https:\/\/agora.xtec.cat\/escolademusicsijpc\/wp-json\/wp\/v2\/tags?post=2008"}],"curies":[{"name":"wp","href":"https:\/\/api.w.org\/{rel}","templated":true}]}}