{"id":1996,"date":"2012-09-18T17:42:57","date_gmt":"2012-09-18T16:42:57","guid":{"rendered":"http:\/\/lescolademusicsijpc.wordpress.com\/?p=1996"},"modified":"2012-09-18T17:42:57","modified_gmt":"2012-09-18T16:42:57","slug":"la-ravals-band-a-roda-de-ter","status":"publish","type":"post","link":"https:\/\/agora.xtec.cat\/escolademusicsijpc\/grups\/ravals-band\/la-ravals-band-a-roda-de-ter\/","title":{"rendered":"La Raval&#8217;s Band a Roda de Ter"},"content":{"rendered":"<figure class=\"figure wp-caption alignright\"><img loading=\"lazy\" decoding=\"async\" class=\"size-full wp-image-1997 \" title=\"a Roda de Ter\" src=\"http:\/\/agora.xtec.cat\/escolademusicsijpc\/wp-content\/uploads\/usu459\/2012\/09\/3cartell2012_copia.gif\" alt=\"\" width=\"141\" height=\"200\" \/><figcaption class=\"wp-caption-text\">Raval&#8217;s Band<\/figcaption><\/figure>\n<p>Aquest divendres 21 de setembre actuar\u00e0 la Raval&#8217;s Band a la Pla\u00e7a Major. En cas de pluja es far\u00e0 al Teatre Eliseu.<\/p>\n<p>&nbsp;<\/p>\n","protected":false},"excerpt":{"rendered":"<p>Raval&#8217;s Band<br \/>\nAquest divendres 21 de setembre actuar\u00e0 la Raval&#8217;s Band a la Pla\u00e7a Major. En cas de pluja es far\u00e0 al Teatre Eliseu.<br \/>\n&nbsp;<\/p>\n","protected":false},"author":1,"featured_media":0,"comment_status":"open","ping_status":"open","sticky":false,"template":"","format":"standard","meta":{"_bbp_topic_count":0,"_bbp_reply_count":0,"_bbp_total_topic_count":0,"_bbp_total_reply_count":0,"_bbp_voice_count":0,"_bbp_anonymous_reply_count":0,"_bbp_topic_count_hidden":0,"_bbp_reply_count_hidden":0,"_bbp_forum_subforum_count":0,"footnotes":""},"categories":[75],"tags":[],"class_list":["post-1996","post","type-post","status-publish","format-standard","hentry","category-ravals-band"],"post_mailing_queue_ids":[],"_links":{"self":[{"href":"https:\/\/agora.xtec.cat\/escolademusicsijpc\/wp-json\/wp\/v2\/posts\/1996","targetHints":{"allow":["GET"]}}],"collection":[{"href":"https:\/\/agora.xtec.cat\/escolademusicsijpc\/wp-json\/wp\/v2\/posts"}],"about":[{"href":"https:\/\/agora.xtec.cat\/escolademusicsijpc\/wp-json\/wp\/v2\/types\/post"}],"author":[{"embeddable":true,"href":"https:\/\/agora.xtec.cat\/escolademusicsijpc\/wp-json\/wp\/v2\/users\/1"}],"replies":[{"embeddable":true,"href":"https:\/\/agora.xtec.cat\/escolademusicsijpc\/wp-json\/wp\/v2\/comments?post=1996"}],"version-history":[{"count":0,"href":"https:\/\/agora.xtec.cat\/escolademusicsijpc\/wp-json\/wp\/v2\/posts\/1996\/revisions"}],"wp:attachment":[{"href":"https:\/\/agora.xtec.cat\/escolademusicsijpc\/wp-json\/wp\/v2\/media?parent=1996"}],"wp:term":[{"taxonomy":"category","embeddable":true,"href":"https:\/\/agora.xtec.cat\/escolademusicsijpc\/wp-json\/wp\/v2\/categories?post=1996"},{"taxonomy":"post_tag","embeddable":true,"href":"https:\/\/agora.xtec.cat\/escolademusicsijpc\/wp-json\/wp\/v2\/tags?post=1996"}],"curies":[{"name":"wp","href":"https:\/\/api.w.org\/{rel}","templated":true}]}}