{"id":1968,"date":"2012-06-25T11:19:55","date_gmt":"2012-06-25T10:19:55","guid":{"rendered":"http:\/\/lescolademusicsijpc.wordpress.com\/?p=1968"},"modified":"2016-02-29T19:47:23","modified_gmt":"2016-02-29T18:47:23","slug":"butlleti-no20","status":"publish","type":"post","link":"https:\/\/agora.xtec.cat\/escolademusicsijpc\/premsa\/butlleti-no20\/","title":{"rendered":"Butllet\u00ed n\u00ba20"},"content":{"rendered":"<figure class=\"figure wp-caption alignright\"><img loading=\"lazy\" decoding=\"async\" class=\"size-full wp-image-1969\" title=\"butlleti n\u00ba20\" src=\"http:\/\/agora.xtec.cat\/escolademusicsijpc\/wp-content\/uploads\/usu459\/2012\/06\/butlleti20.gif\" alt=\"\" width=\"142\" height=\"200\" \/><figcaption class=\"wp-caption-text\">el butllet\u00ed<\/figcaption><\/figure>\n<p>Ja podeu recollir el butllet\u00ed n\u00ba20 de l&#8217;escola . Demaneu-lo a qualsevol de les tres secretaries.<\/p>\n<p>Hi trobareu l&#8217;article de les mantes sobre les col\u00f2nies, el nostre concurs de guitarra i piano, un escrit molt maco d&#8217;en Roger, la m\u00e0ster de la t\u00e8cnica d&#8217;afinaci\u00f3, el concert de violin\u00edsimo i els passatemps de la Dalai.<\/p>\n","protected":false},"excerpt":{"rendered":"<p>el butllet\u00ed<br \/>\nJa podeu recollir el butllet\u00ed n\u00ba20 de l&#8217;escola . Demaneu-lo a qualsevol de les tres secretaries.<br \/>\nHi trobareu l&#8217;article de les mantes sobre les col\u00f2nies, el nostre concurs de guitarra i piano, un escrit molt maco d&#8217;en Roger, la m\u00e0ster de la t\u00e8cnica d&#8217;afinaci\u00f3, el&hellip;  <a href=\"https:\/\/agora.xtec.cat\/escolademusicsijpc\/premsa\/butlleti-no20\/\" title=\"Read Butllet\u00ed n\u00ba20\">Llegeix m\u00e9s\u00bb<\/a><\/p>\n","protected":false},"author":1,"featured_media":2077,"comment_status":"open","ping_status":"open","sticky":false,"template":"","format":"standard","meta":{"_bbp_topic_count":0,"_bbp_reply_count":0,"_bbp_total_topic_count":0,"_bbp_total_reply_count":0,"_bbp_voice_count":0,"_bbp_anonymous_reply_count":0,"_bbp_topic_count_hidden":0,"_bbp_reply_count_hidden":0,"_bbp_forum_subforum_count":0,"footnotes":""},"categories":[73,104],"tags":[],"class_list":["post-1968","post","type-post","status-publish","format-standard","has-post-thumbnail","hentry","category-premsa","category-uncategorized"],"post_mailing_queue_ids":[],"_links":{"self":[{"href":"https:\/\/agora.xtec.cat\/escolademusicsijpc\/wp-json\/wp\/v2\/posts\/1968","targetHints":{"allow":["GET"]}}],"collection":[{"href":"https:\/\/agora.xtec.cat\/escolademusicsijpc\/wp-json\/wp\/v2\/posts"}],"about":[{"href":"https:\/\/agora.xtec.cat\/escolademusicsijpc\/wp-json\/wp\/v2\/types\/post"}],"author":[{"embeddable":true,"href":"https:\/\/agora.xtec.cat\/escolademusicsijpc\/wp-json\/wp\/v2\/users\/1"}],"replies":[{"embeddable":true,"href":"https:\/\/agora.xtec.cat\/escolademusicsijpc\/wp-json\/wp\/v2\/comments?post=1968"}],"version-history":[{"count":2,"href":"https:\/\/agora.xtec.cat\/escolademusicsijpc\/wp-json\/wp\/v2\/posts\/1968\/revisions"}],"predecessor-version":[{"id":5466,"href":"https:\/\/agora.xtec.cat\/escolademusicsijpc\/wp-json\/wp\/v2\/posts\/1968\/revisions\/5466"}],"wp:featuredmedia":[{"embeddable":true,"href":"https:\/\/agora.xtec.cat\/escolademusicsijpc\/wp-json\/wp\/v2\/media\/2077"}],"wp:attachment":[{"href":"https:\/\/agora.xtec.cat\/escolademusicsijpc\/wp-json\/wp\/v2\/media?parent=1968"}],"wp:term":[{"taxonomy":"category","embeddable":true,"href":"https:\/\/agora.xtec.cat\/escolademusicsijpc\/wp-json\/wp\/v2\/categories?post=1968"},{"taxonomy":"post_tag","embeddable":true,"href":"https:\/\/agora.xtec.cat\/escolademusicsijpc\/wp-json\/wp\/v2\/tags?post=1968"}],"curies":[{"name":"wp","href":"https:\/\/api.w.org\/{rel}","templated":true}]}}