{"id":1960,"date":"2012-06-13T20:09:05","date_gmt":"2012-06-13T19:09:05","guid":{"rendered":"http:\/\/lescolademusicsijpc.wordpress.com\/?p=1960"},"modified":"2016-01-29T18:45:06","modified_gmt":"2016-01-29T17:45:06","slug":"cesar-femenia-i-paulo-kolb-duo","status":"publish","type":"post","link":"https:\/\/agora.xtec.cat\/escolademusicsijpc\/general\/cesar-femenia-i-paulo-kolb-duo\/","title":{"rendered":"C\u00e9sar  Femenia i Paulo Kolb DUO"},"content":{"rendered":"<figure class=\"figure wp-caption alignright\"><img loading=\"lazy\" decoding=\"async\" class=\"size-full wp-image-1961\" title=\"trompeta i piano\" src=\"http:\/\/agora.xtec.cat\/escolademusicsijpc\/wp-content\/uploads\/usu459\/2012\/06\/pauloicesar2facebook.gif\" alt=\"\" width=\"142\" height=\"200\" \/><figcaption class=\"wp-caption-text\">Paulo i C\u00e9sar<\/figcaption><\/figure>\n<p>No us perdeu el concert dels nostres professors: C\u00e9sar Femenia que fa classes de trompeta i Paulo Kolb que fa classes de piano.<br \/>\nDijous 21 de juny a les 20h al Centre C\u00edvic Cotxeres Borrell, Espai Esc\u00e8nic T\u00edsner al c\/Viladomat 2-8 a Barcelona<br \/>\nEl repertori ser\u00e0 m\u00fasica cl\u00e0ssica dels segles XIX i XX<\/p>\n<p>Concert grat\u00fcit<\/p>\n","protected":false},"excerpt":{"rendered":"<p>Paulo i C\u00e9sar<br \/>\nNo us perdeu el concert dels nostres professors: C\u00e9sar Femenia que fa classes de trompeta i Paulo Kolb que fa classes de piano.<br \/>\nDijous 21 de juny a les 20h al Centre C\u00edvic Cotxeres Borrell, Espai Esc\u00e8nic T\u00edsner al c\/Viladomat 2-8 a Barcelona<br \/>\nEl repertori&hellip;  <a href=\"https:\/\/agora.xtec.cat\/escolademusicsijpc\/general\/cesar-femenia-i-paulo-kolb-duo\/\" title=\"Read C\u00e9sar  Femenia i Paulo Kolb DUO\">Llegeix m\u00e9s\u00bb<\/a><\/p>\n","protected":false},"author":1,"featured_media":1961,"comment_status":"open","ping_status":"open","sticky":false,"template":"","format":"standard","meta":{"_bbp_topic_count":0,"_bbp_reply_count":0,"_bbp_total_topic_count":0,"_bbp_total_reply_count":0,"_bbp_voice_count":0,"_bbp_anonymous_reply_count":0,"_bbp_topic_count_hidden":0,"_bbp_reply_count_hidden":0,"_bbp_forum_subforum_count":0,"footnotes":""},"categories":[1],"tags":[93,97],"class_list":["post-1960","post","type-post","status-publish","format-standard","has-post-thumbnail","hentry","category-general","tag-piano","tag-trompeta"],"post_mailing_queue_ids":[],"_links":{"self":[{"href":"https:\/\/agora.xtec.cat\/escolademusicsijpc\/wp-json\/wp\/v2\/posts\/1960","targetHints":{"allow":["GET"]}}],"collection":[{"href":"https:\/\/agora.xtec.cat\/escolademusicsijpc\/wp-json\/wp\/v2\/posts"}],"about":[{"href":"https:\/\/agora.xtec.cat\/escolademusicsijpc\/wp-json\/wp\/v2\/types\/post"}],"author":[{"embeddable":true,"href":"https:\/\/agora.xtec.cat\/escolademusicsijpc\/wp-json\/wp\/v2\/users\/1"}],"replies":[{"embeddable":true,"href":"https:\/\/agora.xtec.cat\/escolademusicsijpc\/wp-json\/wp\/v2\/comments?post=1960"}],"version-history":[{"count":2,"href":"https:\/\/agora.xtec.cat\/escolademusicsijpc\/wp-json\/wp\/v2\/posts\/1960\/revisions"}],"predecessor-version":[{"id":4925,"href":"https:\/\/agora.xtec.cat\/escolademusicsijpc\/wp-json\/wp\/v2\/posts\/1960\/revisions\/4925"}],"wp:featuredmedia":[{"embeddable":true,"href":"https:\/\/agora.xtec.cat\/escolademusicsijpc\/wp-json\/wp\/v2\/media\/1961"}],"wp:attachment":[{"href":"https:\/\/agora.xtec.cat\/escolademusicsijpc\/wp-json\/wp\/v2\/media?parent=1960"}],"wp:term":[{"taxonomy":"category","embeddable":true,"href":"https:\/\/agora.xtec.cat\/escolademusicsijpc\/wp-json\/wp\/v2\/categories?post=1960"},{"taxonomy":"post_tag","embeddable":true,"href":"https:\/\/agora.xtec.cat\/escolademusicsijpc\/wp-json\/wp\/v2\/tags?post=1960"}],"curies":[{"name":"wp","href":"https:\/\/api.w.org\/{rel}","templated":true}]}}