{"id":1944,"date":"2012-06-08T19:03:23","date_gmt":"2012-06-08T18:03:23","guid":{"rendered":"http:\/\/lescolademusicsijpc.wordpress.com\/?p=1944"},"modified":"2016-02-09T19:27:35","modified_gmt":"2016-02-09T18:27:35","slug":"lescola-de-musics-i-jpc-a-tv3","status":"publish","type":"post","link":"https:\/\/agora.xtec.cat\/escolademusicsijpc\/corals\/lescola-de-musics-i-jpc-a-tv3\/","title":{"rendered":"L&#8217;Escola de M\u00fasics i JPC a tv3"},"content":{"rendered":"<p>Interpretaci\u00f3 de &#8220;Louisiana i els camps de cot\u00f3&#8221;, can\u00e7o dels amics de les arts, pel cor de l&#8217;escola de M\u00fasics i JPC dirigit per Cristina Colomer, piano V\u00edctor Oller, percussi\u00f3 Manolito Masaedo i baix Francesc Domingo.<\/p>\n<p>Minut 18:00.<br \/>\n<a href=\"http:\/\/www.tv3.cat\/videos\/4120050\/El-claustre-romanic-del-Mas-del-Vent-com-fer-una-cervesa-casolana-i-Barcelona-CiutatConcert-a-Els-matins\">http:\/\/www.tv3.cat\/videos\/4120050\/El-claustre-romanic-del-Mas-del-Vent-com-fer-una-cervesa-casolana-i-Barcelona-Ciutat-Concert-a-Els-matins<\/a><\/p>\n<p>&#8220;Joyful&#8221;. Minut 15:55<\/p>\n<p><a href=\"http:\/\/www.tv3.cat\/videos\/4120090\/Les-estrenes-de-cine-la-primera-Patum-Completa-ulleres-de-sol-catalanes-el-concert-contra-la-sida-i-segona-actuacio-coral\">http:\/\/www.tv3.cat\/videos\/4120090\/Les-estrenes-de-cine-la-primera-Patum-Completa-ulleres-de-sol-catalanes-el-concert-contra-la-sida-i-segona-actuacio-coral<\/a><\/p>\n","protected":false},"excerpt":{"rendered":"<p>Interpretaci\u00f3 de &#8220;Louisiana i els camps de cot\u00f3&#8221;, can\u00e7o dels amics de les arts, pel cor de l&#8217;escola de M\u00fasics i JPC dirigit per Cristina Colomer, piano V\u00edctor Oller, percussi\u00f3 Manolito Masaedo i baix Francesc Domingo.<br \/>\nMinut 18:00.<br \/>\n<a href=\"http:\/\/www.tv3.cat\/videos\/4120050\/El-claustre-romanic-del-Mas-del-Vent-com-fer-una-cervesa-casolana-i-Barcelona-CiutatConcert-a-Els-matins\">http:\/\/www.tv3.cat\/videos\/4120050\/El-claustre-romanic-del-Mas-del-Vent-com-fer-una-cervesa-casolana-i-Barcelona-Ciutat-Concert-a-Els-matins<\/a><br \/>\n&#8220;Joyful&#8221;. Minut 15:55<br \/>\n<a href=\"http:\/\/www.tv3.cat\/videos\/4120090\/Les-estrenes-de-cine-la-primera-Patum-Completa-ulleres-de-sol-catalanes-el-concert-contra-la-sida-i-segona-actuacio-coral\">http:\/\/www.tv3.cat\/videos\/4120090\/Les-estrenes-de-cine-la-primera-Patum-Completa-ulleres-de-sol-catalanes-el-concert-contra-la-sida-i-segona-actuacio-coral<\/a><\/p>\n","protected":false},"author":1,"featured_media":0,"comment_status":"open","ping_status":"open","sticky":false,"template":"","format":"standard","meta":{"_bbp_topic_count":0,"_bbp_reply_count":0,"_bbp_total_topic_count":0,"_bbp_total_reply_count":0,"_bbp_voice_count":0,"_bbp_anonymous_reply_count":0,"_bbp_topic_count_hidden":0,"_bbp_reply_count_hidden":0,"_bbp_forum_subforum_count":0,"footnotes":""},"categories":[66,73],"tags":[82,95],"class_list":["post-1944","post","type-post","status-publish","format-standard","hentry","category-corals","category-premsa","tag-corals","tag-premsa-2"],"post_mailing_queue_ids":[],"_links":{"self":[{"href":"https:\/\/agora.xtec.cat\/escolademusicsijpc\/wp-json\/wp\/v2\/posts\/1944","targetHints":{"allow":["GET"]}}],"collection":[{"href":"https:\/\/agora.xtec.cat\/escolademusicsijpc\/wp-json\/wp\/v2\/posts"}],"about":[{"href":"https:\/\/agora.xtec.cat\/escolademusicsijpc\/wp-json\/wp\/v2\/types\/post"}],"author":[{"embeddable":true,"href":"https:\/\/agora.xtec.cat\/escolademusicsijpc\/wp-json\/wp\/v2\/users\/1"}],"replies":[{"embeddable":true,"href":"https:\/\/agora.xtec.cat\/escolademusicsijpc\/wp-json\/wp\/v2\/comments?post=1944"}],"version-history":[{"count":2,"href":"https:\/\/agora.xtec.cat\/escolademusicsijpc\/wp-json\/wp\/v2\/posts\/1944\/revisions"}],"predecessor-version":[{"id":5309,"href":"https:\/\/agora.xtec.cat\/escolademusicsijpc\/wp-json\/wp\/v2\/posts\/1944\/revisions\/5309"}],"wp:attachment":[{"href":"https:\/\/agora.xtec.cat\/escolademusicsijpc\/wp-json\/wp\/v2\/media?parent=1944"}],"wp:term":[{"taxonomy":"category","embeddable":true,"href":"https:\/\/agora.xtec.cat\/escolademusicsijpc\/wp-json\/wp\/v2\/categories?post=1944"},{"taxonomy":"post_tag","embeddable":true,"href":"https:\/\/agora.xtec.cat\/escolademusicsijpc\/wp-json\/wp\/v2\/tags?post=1944"}],"curies":[{"name":"wp","href":"https:\/\/api.w.org\/{rel}","templated":true}]}}